{"id":12033,"date":"2023-02-28T12:05:35","date_gmt":"2023-02-28T11:05:35","guid":{"rendered":"https:\/\/www.f-i-ts.de\/blog\/?p=12033"},"modified":"2023-02-28T12:05:36","modified_gmt":"2023-02-28T11:05:36","slug":"fi-ts-managment-forum-2023-endlich-wieder-vor-ort","status":"publish","type":"post","link":"https:\/\/fitsde-admin-line2.f-i-ts.info\/blog\/events\/fi-ts-managment-forum-2023-endlich-wieder-vor-ort\/","title":{"rendered":"Am 22. Juni ist es soweit!"},"content":{"rendered":"\n<p><\/p>\n\n\n\n<p><\/p>\n\n\n\n<p>Unser FI-TS Management-Forum findet wieder live vor Ort statt; nat\u00fcrlich, wie gewohnt, in der BMW Welt in M\u00fcnchen. Und nach der langen Abstinenz hat sich das Orga-Team erst recht einiges einfallen lassen, um das n\u00e4chste Management-Forum zu etwas ganz Besonderem zu machen.<\/p>\n\n\n\n<h3>Was ist neu?<\/h3>\n\n\n\n<p><strong>3D-Hologramm-Show<\/strong><\/p>\n\n\n\n<p>Unsere Shows und Vortr\u00e4ge in 3D entf\u00fchren in eine neue Live-Technikdimension und machen unser morgendliches Programm zu einem echten Hingucker. Die Hologrammtechnologie veranschaulicht in diesem Jahr besonders, dass das Management-Forum wie stets ganz im Zeichen von Ver\u00e4nderung und Digitalisierung steht.<\/p>\n\n\n\n<figure class=\"wp-block-image size-large\"><a href=\"https:\/\/fitsde-admin-line2.f-i-ts.info\/blog\/wp-content\/uploads\/2023\/02\/Marketing4d_3.jpg\"><img loading=\"lazy\" width=\"700\" height=\"467\" src=\"https:\/\/fitsde-admin-line2.f-i-ts.info\/blog\/wp-content\/uploads\/2023\/02\/Marketing4d_3-700x467.jpg\" alt=\"\" class=\"wp-image-12035\" srcset=\"https:\/\/fitsde-admin-line2.f-i-ts.info\/blog\/wp-content\/uploads\/2023\/02\/Marketing4d_3-700x467.jpg 700w, https:\/\/fitsde-admin-line2.f-i-ts.info\/blog\/wp-content\/uploads\/2023\/02\/Marketing4d_3-250x167.jpg 250w, https:\/\/fitsde-admin-line2.f-i-ts.info\/blog\/wp-content\/uploads\/2023\/02\/Marketing4d_3-768x512.jpg 768w, https:\/\/fitsde-admin-line2.f-i-ts.info\/blog\/wp-content\/uploads\/2023\/02\/Marketing4d_3-1536x1024.jpg 1536w, https:\/\/fitsde-admin-line2.f-i-ts.info\/blog\/wp-content\/uploads\/2023\/02\/Marketing4d_3-2048x1365.jpg 2048w, https:\/\/fitsde-admin-line2.f-i-ts.info\/blog\/wp-content\/uploads\/2023\/02\/Marketing4d_3-1920x1280.jpg 1920w, https:\/\/fitsde-admin-line2.f-i-ts.info\/blog\/wp-content\/uploads\/2023\/02\/Marketing4d_3-120x80.jpg 120w\" sizes=\"(max-width: 700px) 100vw, 700px\" \/><\/a><figcaption>3D-Holoshow auf der B\u00fchne<\/figcaption><\/figure>\n\n\n\n<p><strong>Customer Insights<\/strong><\/p>\n\n\n\n<p>Im neuen Format \u201eCustomer Insights\u201c \u00fcberlassen wir unseren Kunden die B\u00fchne: Hier wird den Zuschauern \u00fcber aktuelle IT-Projekte berichtet und Einblicke in die Hintergr\u00fcnde sowie die Umsetzung gegeben. Vertieft werden die Vortr\u00e4ge durch Gespr\u00e4chsangebote an den Messest\u00e4nden im Foyer. An ihren St\u00e4nden beantworten die Experten unserer Kunden gerne die Fragen der G\u00e4ste und kommen mit Ihnen ins Gespr\u00e4ch. Der Grund f\u00fcr das neue Format: Viele Kunden haben sich nach den letzten Veranstaltungen noch mehr Praxisn\u00e4he, konkrete Fallbeispiele und reale Erfolgsgeschichten gew\u00fcnscht \u2013 und wir gehen diesem Wunsch nach.<\/p>\n\n\n\n<p><strong>Neue Event-App mit Netzwerkm\u00f6glichkeiten<\/strong><\/p>\n\n\n\n<p>Eine weitere augenf\u00e4llige Neuerung ist unsere Event-App: Sie bietet nicht nur stets aktuelle Informationen zu Programm und Speakern, sondern ist auch ideal zum Netzwerken. In ihr k\u00f6nnen Sie etwa schon vor dem Event ein eigenes Profil erstellen und mit anderen G\u00e4sten Gespr\u00e4chstermine auf der Messe vereinbaren.<\/p>\n\n\n\n<figure class=\"wp-block-image size-large\"><a href=\"https:\/\/fitsde-admin-line2.f-i-ts.info\/blog\/wp-content\/uploads\/2023\/02\/MF2019_App-scaled.jpg\"><img loading=\"lazy\" width=\"700\" height=\"467\" src=\"https:\/\/fitsde-admin-line2.f-i-ts.info\/blog\/wp-content\/uploads\/2023\/02\/MF2019_App-700x467.jpg\" alt=\"\" class=\"wp-image-12047\" srcset=\"https:\/\/fitsde-admin-line2.f-i-ts.info\/blog\/wp-content\/uploads\/2023\/02\/MF2019_App-700x467.jpg 700w, https:\/\/fitsde-admin-line2.f-i-ts.info\/blog\/wp-content\/uploads\/2023\/02\/MF2019_App-250x167.jpg 250w, https:\/\/fitsde-admin-line2.f-i-ts.info\/blog\/wp-content\/uploads\/2023\/02\/MF2019_App-768x512.jpg 768w, https:\/\/fitsde-admin-line2.f-i-ts.info\/blog\/wp-content\/uploads\/2023\/02\/MF2019_App-1536x1024.jpg 1536w, https:\/\/fitsde-admin-line2.f-i-ts.info\/blog\/wp-content\/uploads\/2023\/02\/MF2019_App-2048x1365.jpg 2048w, https:\/\/fitsde-admin-line2.f-i-ts.info\/blog\/wp-content\/uploads\/2023\/02\/MF2019_App-1920x1280.jpg 1920w, https:\/\/fitsde-admin-line2.f-i-ts.info\/blog\/wp-content\/uploads\/2023\/02\/MF2019_App-120x80.jpg 120w\" sizes=\"(max-width: 700px) 100vw, 700px\" \/><\/a><figcaption>Die FI-TS Events App &#8211; Networkung und Infos zum Event immer dabei<\/figcaption><\/figure>\n\n\n\n<h3><strong>Themenschwerpunkt \u201edigitale Transformation\u201c \u2013 unsere Keynote Speaker<\/strong><\/h3>\n\n\n\n<p>In der Zukunft nicht nur zu bestehen, sondern den Wandel aktiv f\u00fcr sich zu nutzen \u2013 das ist sowohl f\u00fcr uns als auch f\u00fcr unsere Kunden essenziell. Aus diesem Grund ist das Topthema des diesj\u00e4hrigen Management-Forums: die digitale Transformation und ihre Chancen.<\/p>\n\n\n\n<p>Unsere drei Keynote Speaker f\u00fchren aus, welche M\u00f6glichkeiten und Risiken die digitale Transformation allgemein sowie insbesondere in der Finanzbranche birgt \u2013 und wie Sie nachhaltig und effizient damit umgehen k\u00f6nnen. Daf\u00fcr sch\u00f6pfen sie u. a. aus Wirtschaft, Forschung und dem Alltag. Es erwarten Sie spannende und informative Vortr\u00e4ge von:<\/p>\n\n\n\n<ul><li><strong>Gerriet Danz, <\/strong>Experte f\u00fcr Innovation und Kreativit\u00e4t <\/li><li><strong>Denise Schindler, <\/strong>Top-Athletin, Coach und Motivationssprecherin<\/li><li><strong>Prof. Dr. Key Pousttchi, <\/strong>Professor f\u00fcr Digitalisierung und einer der Pioniere der Mobile-Business-Forschung, international anerkannt in Wissenschaft und Wirtschaft<\/li><\/ul>\n\n\n\n<h3><strong>Gem\u00fctlicher und stilvoller Ausklang<\/strong><\/h3>\n\n\n\n<figure class=\"wp-block-image size-large\"><a href=\"https:\/\/fitsde-admin-line2.f-i-ts.info\/blog\/wp-content\/uploads\/2023\/02\/Networking-auf-dem-Management-Forum.jpg\"><img loading=\"lazy\" width=\"700\" height=\"467\" src=\"https:\/\/fitsde-admin-line2.f-i-ts.info\/blog\/wp-content\/uploads\/2023\/02\/Networking-auf-dem-Management-Forum-700x467.jpg\" alt=\"\" class=\"wp-image-12037\" srcset=\"https:\/\/fitsde-admin-line2.f-i-ts.info\/blog\/wp-content\/uploads\/2023\/02\/Networking-auf-dem-Management-Forum-700x467.jpg 700w, https:\/\/fitsde-admin-line2.f-i-ts.info\/blog\/wp-content\/uploads\/2023\/02\/Networking-auf-dem-Management-Forum-250x167.jpg 250w, https:\/\/fitsde-admin-line2.f-i-ts.info\/blog\/wp-content\/uploads\/2023\/02\/Networking-auf-dem-Management-Forum-768x512.jpg 768w, https:\/\/fitsde-admin-line2.f-i-ts.info\/blog\/wp-content\/uploads\/2023\/02\/Networking-auf-dem-Management-Forum-120x80.jpg 120w, https:\/\/fitsde-admin-line2.f-i-ts.info\/blog\/wp-content\/uploads\/2023\/02\/Networking-auf-dem-Management-Forum.jpg 1180w\" sizes=\"(max-width: 700px) 100vw, 700px\" \/><\/a><figcaption>Networking mit neuen und alten Bekannten in der BMW-Welt<\/figcaption><\/figure>\n\n\n\n<p>Und nat\u00fcrlich bieten wir neben Fachlichem auch abermals Genuss, zur Erkenntnis kommt die Sinnenfreude: Im Anschluss an das Tagesprogramm wird wieder mit Show-Cooking und frischen Cocktails bei Live-Musik an der Bar bestens f\u00fcrs leibliche Wohl gesorgt. Wir empfehlen: Genie\u00dfen Sie auch diesen entspannten Tagesabschluss \u2013 und pflegen Sie dabei auf die angenehmste Art Kontakte.<\/p>\n","protected":false},"excerpt":{"rendered":"<p>Unser FI-TS Management-Forum findet wieder live vor Ort statt; nat\u00fcrlich, wie gewohnt, in der BMW Welt in M\u00fcnchen. Und nach der langen Abstinenz hat sich das Orga-Team erst recht einiges einfallen lassen, um das n\u00e4chste Management-Forum zu etwas ganz Besonderem [&hellip;]<\/p>\n","protected":false},"author":33,"featured_media":12045,"comment_status":"closed","ping_status":"closed","sticky":false,"template":"","format":"standard","meta":[],"categories":[1,22,12,2533],"tags":[202,144,11,1788,48,1790,1796],"yoast_head":"<!-- This site is optimized with the Yoast SEO plugin v16.6.1 - https:\/\/yoast.com\/wordpress\/plugins\/seo\/ -->\n<title>Am 22. Juni ist es soweit! - FI-TS Blog<\/title>\n<meta name=\"robots\" content=\"index, follow, max-snippet:-1, max-image-preview:large, max-video-preview:-1\" \/>\n<link rel=\"canonical\" href=\"https:\/\/fitsde-admin-line2.f-i-ts.info\/blog\/events\/fi-ts-managment-forum-2023-endlich-wieder-vor-ort\/\" \/>\n<meta property=\"og:locale\" content=\"de_DE\" \/>\n<meta property=\"og:type\" content=\"article\" \/>\n<meta property=\"og:title\" content=\"Am 22. Juni ist es soweit! - FI-TS Blog\" \/>\n<meta property=\"og:description\" content=\"Unser FI-TS Management-Forum findet wieder live vor Ort statt; nat\u00fcrlich, wie gewohnt, in der BMW Welt in M\u00fcnchen. Und nach der langen Abstinenz hat sich das Orga-Team erst recht einiges einfallen lassen, um das n\u00e4chste Management-Forum zu etwas ganz Besonderem [&hellip;]\" \/>\n<meta property=\"og:url\" content=\"https:\/\/fitsde-admin-line2.f-i-ts.info\/blog\/events\/fi-ts-managment-forum-2023-endlich-wieder-vor-ort\/\" \/>\n<meta property=\"og:site_name\" content=\"FI-TS Blog\" \/>\n<meta property=\"article:published_time\" content=\"2023-02-28T11:05:35+00:00\" \/>\n<meta property=\"article:modified_time\" content=\"2023-02-28T11:05:36+00:00\" \/>\n<meta property=\"og:image\" content=\"https:\/\/fitsde-admin-line2.f-i-ts.info\/blog\/wp-content\/uploads\/2023\/02\/Header-FI-TS-Management-Forum-2023.jpg\" \/>\n\t<meta property=\"og:image:width\" content=\"1200\" \/>\n\t<meta property=\"og:image:height\" content=\"800\" \/>\n<meta name=\"twitter:card\" content=\"summary\" \/>\n<meta name=\"twitter:label1\" content=\"Gesch\u00e4tzte Lesezeit\" \/>\n\t<meta name=\"twitter:data1\" content=\"3 Minuten\" \/>\n<script type=\"application\/ld+json\" class=\"yoast-schema-graph\">{\"@context\":\"https:\/\/schema.org\",\"@graph\":[{\"@type\":\"WebSite\",\"@id\":\"https:\/\/fitsde-admin-line2.f-i-ts.info\/blog\/#website\",\"url\":\"https:\/\/fitsde-admin-line2.f-i-ts.info\/blog\/\",\"name\":\"FI-TS Blog\",\"description\":\"Blog von FI-TS \\u00fcber Finance- und Technologie Themen\",\"potentialAction\":[{\"@type\":\"SearchAction\",\"target\":{\"@type\":\"EntryPoint\",\"urlTemplate\":\"https:\/\/fitsde-admin-line2.f-i-ts.info\/blog\/?s={search_term_string}\"},\"query-input\":\"required name=search_term_string\"}],\"inLanguage\":\"de-DE\"},{\"@type\":\"ImageObject\",\"@id\":\"https:\/\/fitsde-admin-line2.f-i-ts.info\/blog\/events\/fi-ts-managment-forum-2023-endlich-wieder-vor-ort\/#primaryimage\",\"inLanguage\":\"de-DE\",\"url\":\"https:\/\/fitsde-admin-line2.f-i-ts.info\/blog\/wp-content\/uploads\/2023\/02\/Header-FI-TS-Management-Forum-2023.jpg\",\"contentUrl\":\"https:\/\/fitsde-admin-line2.f-i-ts.info\/blog\/wp-content\/uploads\/2023\/02\/Header-FI-TS-Management-Forum-2023.jpg\",\"width\":1200,\"height\":800},{\"@type\":\"WebPage\",\"@id\":\"https:\/\/fitsde-admin-line2.f-i-ts.info\/blog\/events\/fi-ts-managment-forum-2023-endlich-wieder-vor-ort\/#webpage\",\"url\":\"https:\/\/fitsde-admin-line2.f-i-ts.info\/blog\/events\/fi-ts-managment-forum-2023-endlich-wieder-vor-ort\/\",\"name\":\"Am 22. Juni ist es soweit! - FI-TS Blog\",\"isPartOf\":{\"@id\":\"https:\/\/fitsde-admin-line2.f-i-ts.info\/blog\/#website\"},\"primaryImageOfPage\":{\"@id\":\"https:\/\/fitsde-admin-line2.f-i-ts.info\/blog\/events\/fi-ts-managment-forum-2023-endlich-wieder-vor-ort\/#primaryimage\"},\"datePublished\":\"2023-02-28T11:05:35+00:00\",\"dateModified\":\"2023-02-28T11:05:36+00:00\",\"author\":{\"@id\":\"https:\/\/fitsde-admin-line2.f-i-ts.info\/blog\/#\/schema\/person\/c828cbd7921a8df295279f022d84466d\"},\"breadcrumb\":{\"@id\":\"https:\/\/fitsde-admin-line2.f-i-ts.info\/blog\/events\/fi-ts-managment-forum-2023-endlich-wieder-vor-ort\/#breadcrumb\"},\"inLanguage\":\"de-DE\",\"potentialAction\":[{\"@type\":\"ReadAction\",\"target\":[\"https:\/\/fitsde-admin-line2.f-i-ts.info\/blog\/events\/fi-ts-managment-forum-2023-endlich-wieder-vor-ort\/\"]}]},{\"@type\":\"BreadcrumbList\",\"@id\":\"https:\/\/fitsde-admin-line2.f-i-ts.info\/blog\/events\/fi-ts-managment-forum-2023-endlich-wieder-vor-ort\/#breadcrumb\",\"itemListElement\":[{\"@type\":\"ListItem\",\"position\":1,\"name\":\"Startseite\",\"item\":\"https:\/\/fitsde-admin-line2.f-i-ts.info\/blog\/\"},{\"@type\":\"ListItem\",\"position\":2,\"name\":\"Am 22. Juni ist es soweit!\"}]},{\"@type\":\"Person\",\"@id\":\"https:\/\/fitsde-admin-line2.f-i-ts.info\/blog\/#\/schema\/person\/c828cbd7921a8df295279f022d84466d\",\"name\":\"Dirk Maa\\u00dfen\",\"image\":{\"@type\":\"ImageObject\",\"@id\":\"https:\/\/fitsde-admin-line2.f-i-ts.info\/blog\/#personlogo\",\"inLanguage\":\"de-DE\",\"url\":\"https:\/\/fitsde-admin-line2.f-i-ts.info\/blog\/wp-content\/uploads\/2020\/04\/blogteam-massen-96x96.jpg\",\"contentUrl\":\"https:\/\/fitsde-admin-line2.f-i-ts.info\/blog\/wp-content\/uploads\/2020\/04\/blogteam-massen-96x96.jpg\",\"caption\":\"Dirk Maa\\u00dfen\"},\"description\":\"Digitalisierung, digitale Transformation \\u2013 seit 1999 im digitalen Business unterwegs mit Schwerpunkt auf digitalen Mehrwertdiensten, Datenschutz, bargeldlos bezahlen, Smart-Home und Trends. Welche Ver\\u00e4nderungen bringen Trends, welchen Herausforderungen stellen wir uns \\u2013 oder was wird verworfen. Bei FI-TS im Marketing seit 2018 und fasziniert vom Spannungsfeld zwischen Tradition, Erfahrung und Konstanz sowie Innovation, Herausforderungen und Dynamik. Auch in meiner Freizeit bastele ich gerne an digitalen L\\u00f6sungen f\\u00fcr alle Gelegenheiten, koche gerne f\\u00fcr Freunde und Familie \\u2013 wenn ich nicht mit oder ohne Splitboard auf dem Berg bin.\",\"sameAs\":[\"http:\/\/f-i-ts.de\"],\"url\":\"https:\/\/fitsde-admin-line2.f-i-ts.info\/blog\/author\/iz02068\/\"}]}<\/script>\n<!-- \/ Yoast SEO plugin. -->","_links":{"self":[{"href":"https:\/\/fitsde-admin-line2.f-i-ts.info\/blog\/wp-json\/wp\/v2\/posts\/12033"}],"collection":[{"href":"https:\/\/fitsde-admin-line2.f-i-ts.info\/blog\/wp-json\/wp\/v2\/posts"}],"about":[{"href":"https:\/\/fitsde-admin-line2.f-i-ts.info\/blog\/wp-json\/wp\/v2\/types\/post"}],"author":[{"embeddable":true,"href":"https:\/\/fitsde-admin-line2.f-i-ts.info\/blog\/wp-json\/wp\/v2\/users\/33"}],"replies":[{"embeddable":true,"href":"https:\/\/fitsde-admin-line2.f-i-ts.info\/blog\/wp-json\/wp\/v2\/comments?post=12033"}],"version-history":[{"count":20,"href":"https:\/\/fitsde-admin-line2.f-i-ts.info\/blog\/wp-json\/wp\/v2\/posts\/12033\/revisions"}],"predecessor-version":[{"id":12066,"href":"https:\/\/fitsde-admin-line2.f-i-ts.info\/blog\/wp-json\/wp\/v2\/posts\/12033\/revisions\/12066"}],"wp:featuredmedia":[{"embeddable":true,"href":"https:\/\/fitsde-admin-line2.f-i-ts.info\/blog\/wp-json\/wp\/v2\/media\/12045"}],"wp:attachment":[{"href":"https:\/\/fitsde-admin-line2.f-i-ts.info\/blog\/wp-json\/wp\/v2\/media?parent=12033"}],"wp:term":[{"taxonomy":"category","embeddable":true,"href":"https:\/\/fitsde-admin-line2.f-i-ts.info\/blog\/wp-json\/wp\/v2\/categories?post=12033"},{"taxonomy":"post_tag","embeddable":true,"href":"https:\/\/fitsde-admin-line2.f-i-ts.info\/blog\/wp-json\/wp\/v2\/tags?post=12033"}],"curies":[{"name":"wp","href":"https:\/\/api.w.org\/{rel}","templated":true}]}}