{"id":12067,"date":"2023-05-05T15:31:23","date_gmt":"2023-05-05T13:31:23","guid":{"rendered":"https:\/\/www.f-i-ts.de\/blog\/?p=12067"},"modified":"2023-05-05T15:31:23","modified_gmt":"2023-05-05T13:31:23","slug":"cloud-und-compliant-wie-regulatorisch-konforme-cloud-geht-zeigt-fi-ts-in-diesem-fruehjahr-auf-zwei-veranstaltungen","status":"publish","type":"post","link":"https:\/\/fitsde-admin-line2.f-i-ts.info\/blog\/allgemeines\/cloud-und-compliant-wie-regulatorisch-konforme-cloud-geht-zeigt-fi-ts-in-diesem-fruehjahr-auf-zwei-veranstaltungen\/","title":{"rendered":"Cloud und Compliant: Wie regulatorisch konforme Cloud geht, zeigt FI-TS in diesem Fr\u00fchjahr auf zwei Veranstaltungen"},"content":{"rendered":"\n<p>Starke Compliance ist unverzichtbar, gerade f\u00fcr die IT im Banken- und Versicherungssektor. Zugleich ist l\u00e4ngst klar: Die Zukunft der IT liegt in der Cloud. Die Schl\u00fcsselfrage lautet: Wie bringt man beides zusammen? Wir von FI-TS beantworten sie, und zwar u. a. auf zwei Messen in diesem Fr\u00fchling, auf der Cloud Expo Europe (10. und 11. Mai, Messe Frankfurt\/Main) und der Fachkonferenz der Versicherungsforen (23. Mai, Leipzig).<\/p>\n\n\n\n<p><strong><u>FI-TS auf der Cloud Expo Europe<\/u><\/strong><\/p>\n\n\n\n<p>Gemeinsam mit den Partnerunternehmen sysGen, NetApp und x-cellent technologies ist FI-TS dieses Jahr zum zweiten Mal mit einem eigenen Stand auf der Cloud Expo Europe. Sie stellt eine der f\u00fchrenden Plattformen zum Austausch \u00fcber Cloud-Technologien dar und wird in diesem Jahr am 10. und 11. Mai in der Frankfurter Messe ausgerichtet.<\/p>\n\n\n\n<p>In Halle 8, an Stand M030 zeigen wir, wie mit der engen Verzahnung von Hard- und Software Regulatorik-konformer Cloud-Betrieb funktioniert. Das Highlight ist eine Holobox, die es uns erm\u00f6glicht, unsere Inhalte \u00fcber 3D-Hologramme zu pr\u00e4sentieren. Und dazu warten wir mit einem Barista f\u00fcr frischen Espresso auf. Kommen Sie vorbei \u2013 wir bieten Ihnen Technik und Genuss f\u00fcr alle Sinne, und das mit echtem Sachverstand!<\/p>\n\n\n\n<figure class=\"wp-block-image size-large\"><a href=\"https:\/\/fitsde-admin-line2.f-i-ts.info\/blog\/wp-content\/uploads\/2023\/05\/iStock-1227594833bearb-scaled.jpg\"><img loading=\"lazy\" width=\"700\" height=\"394\" src=\"https:\/\/fitsde-admin-line2.f-i-ts.info\/blog\/wp-content\/uploads\/2023\/05\/iStock-1227594833bearb-700x394.jpg\" alt=\"\" class=\"wp-image-12072\" srcset=\"https:\/\/fitsde-admin-line2.f-i-ts.info\/blog\/wp-content\/uploads\/2023\/05\/iStock-1227594833bearb-700x394.jpg 700w, https:\/\/fitsde-admin-line2.f-i-ts.info\/blog\/wp-content\/uploads\/2023\/05\/iStock-1227594833bearb-250x141.jpg 250w, https:\/\/fitsde-admin-line2.f-i-ts.info\/blog\/wp-content\/uploads\/2023\/05\/iStock-1227594833bearb-768x432.jpg 768w, https:\/\/fitsde-admin-line2.f-i-ts.info\/blog\/wp-content\/uploads\/2023\/05\/iStock-1227594833bearb-1536x864.jpg 1536w, https:\/\/fitsde-admin-line2.f-i-ts.info\/blog\/wp-content\/uploads\/2023\/05\/iStock-1227594833bearb-2048x1152.jpg 2048w, https:\/\/fitsde-admin-line2.f-i-ts.info\/blog\/wp-content\/uploads\/2023\/05\/iStock-1227594833bearb-120x68.jpg 120w\" sizes=\"(max-width: 700px) 100vw, 700px\" \/><\/a><figcaption>Cloud und Compliant &#8211; mit FI-TS<\/figcaption><\/figure>\n\n\n\n<p><strong><em>Was wird gezeigt?<\/em><\/strong><\/p>\n\n\n\n<p>Wir pr\u00e4sentieren Ihnen Einblicke in unsere Rechenzentrums- und Clouddienste. Dabei gilt: Unsere Rechenzentren, die Ihnen ganz Sicherheit \u201eMade in Germany\u201c bieten, sind ohne die Zusammenarbeit mit innovativen und zuverl\u00e4ssigen Partnern nicht m\u00f6glich. Denn die <em>FI-TS Finance Cloud Native<\/em> basiert auf der Bereitstellung einer vollst\u00e4ndig auf Kubernetes abgestimmten Infrastruktur-Plattform, API-Schnittstellen f\u00fcr das Deployment und zur Verwaltung s\u00e4mtlicher Ressourcen, einer strikten Mandanten- bzw. Umgebungstrennung auf physischen Servern f\u00fcr h\u00f6chste Sicherheit und auf einer vollautomatisierten Bereitstellung neuer Umgebungen bzw. Ressourcen innerhalb weniger Minuten. So viel Leistung und Komplexit\u00e4t auf h\u00f6chstem Niveau bei voller Zuverl\u00e4ssigkeit braucht stabile Partnerschaften. Hinzu kommt: F\u00fcr viel Flexibilit\u00e4t sorgt die Entwicklung und Ver\u00f6ffentlichung von Open-Source-Software f\u00fcr den Betrieb. Moderne IT-L\u00f6sungen sind also immer auch Teamwork. Entsprechend stellen wir uns gemeinsam mit drei unserer zentralen Partnerunternehmen vor<\/p>\n\n\n\n<p>Moderne IT-L\u00f6sungen sind also immer auch Teamwork. Entsprechend stellen wir uns gemeinsam mit drei unserer zentralen Partnerunternehmen vor.<\/p>\n\n\n\n<p><strong><em>Unsere Partnerunternehmen<\/em><\/strong><\/p>\n\n\n\n<p><em>NetApp<\/em><a href=\"https:\/\/www.netapp.com\/de\/\">https:\/\/www.netapp.com\/de\/<\/a><em> <\/em>bietet f\u00fchrende Daten-, Applikations- sowie Storage-L\u00f6sungen an und unterst\u00fctzt Unternehmen beim Management von Applikationen und Daten in Hybrid-Multi-Cloud-Umgebungen \u2013 in einer Evolved Cloud, in der On-Premises- und Cloud-Umgebungen vereint sind und die zu jeder Zeit mit Einfachheit, Sicherheit, Einsparungen und Nachhaltigkeit \u00fcberzeugt.<\/p>\n\n\n\n<figure class=\"wp-block-image size-large\"><a href=\"https:\/\/fitsde-admin-line2.f-i-ts.info\/blog\/wp-content\/uploads\/2023\/05\/Data-Fabric-Infographic-Visual-fuer-Banderole.jpg\"><img loading=\"lazy\" width=\"700\" height=\"394\" src=\"https:\/\/fitsde-admin-line2.f-i-ts.info\/blog\/wp-content\/uploads\/2023\/05\/Data-Fabric-Infographic-Visual-fuer-Banderole-700x394.jpg\" alt=\"\" class=\"wp-image-12070\" srcset=\"https:\/\/fitsde-admin-line2.f-i-ts.info\/blog\/wp-content\/uploads\/2023\/05\/Data-Fabric-Infographic-Visual-fuer-Banderole-700x394.jpg 700w, https:\/\/fitsde-admin-line2.f-i-ts.info\/blog\/wp-content\/uploads\/2023\/05\/Data-Fabric-Infographic-Visual-fuer-Banderole-250x141.jpg 250w, https:\/\/fitsde-admin-line2.f-i-ts.info\/blog\/wp-content\/uploads\/2023\/05\/Data-Fabric-Infographic-Visual-fuer-Banderole-768x432.jpg 768w, https:\/\/fitsde-admin-line2.f-i-ts.info\/blog\/wp-content\/uploads\/2023\/05\/Data-Fabric-Infographic-Visual-fuer-Banderole-120x68.jpg 120w, https:\/\/fitsde-admin-line2.f-i-ts.info\/blog\/wp-content\/uploads\/2023\/05\/Data-Fabric-Infographic-Visual-fuer-Banderole.jpg 1280w\" sizes=\"(max-width: 700px) 100vw, 700px\" \/><\/a><figcaption>NetApp Data Fabric Datenmanagement<\/figcaption><\/figure>\n\n\n\n<p><em><a href=\"https:\/\/www.sysgen.de\/\">sysGen<\/a> <\/em>stellt Server mit Supermicro- und Netzwerkkomponenten bereit, die h\u00f6chsten Performance- und Sicherheitsstandards entsprechen. Die sysGen GmbH ist ein l\u00f6sungsorientierter IT-Anbieter und beliefert als umsatzstarker Supermicro-Solution-Provider die Rechenzentren von FI-TS.<\/p>\n\n\n\n<figure class=\"wp-block-image size-full\"><a href=\"https:\/\/fitsde-admin-line2.f-i-ts.info\/blog\/wp-content\/uploads\/2023\/05\/SysGen.jpg\"><img loading=\"lazy\" width=\"300\" height=\"534\" src=\"https:\/\/fitsde-admin-line2.f-i-ts.info\/blog\/wp-content\/uploads\/2023\/05\/SysGen.jpg\" alt=\"\" class=\"wp-image-12073\" srcset=\"https:\/\/fitsde-admin-line2.f-i-ts.info\/blog\/wp-content\/uploads\/2023\/05\/SysGen.jpg 300w, https:\/\/fitsde-admin-line2.f-i-ts.info\/blog\/wp-content\/uploads\/2023\/05\/SysGen-250x445.jpg 250w, https:\/\/fitsde-admin-line2.f-i-ts.info\/blog\/wp-content\/uploads\/2023\/05\/SysGen-120x214.jpg 120w\" sizes=\"(max-width: 300px) 100vw, 300px\" \/><\/a><\/figure>\n\n\n\n<p><em><a href=\"https:\/\/www.x-cellent.com\/\">x-cellent technologies<\/a><\/em> verf\u00fcgt \u00fcber langj\u00e4hrige Erfahrung und ausgepr\u00e4gte Expertise im Bereich Cloud-Native-Engineering. Das Unternehmen leistet einen wertvollen Beitrag dazu, dass wir unseren Anspruch, h\u00f6chste Qualit\u00e4t und Zuverl\u00e4ssigkeit f\u00fcr unsere Kunden zu bieten, erf\u00fcllen k\u00f6nnen. x-cellent technologies ist dabei insbesondere bekannt f\u00fcr Cloud-Native-Services, die den Bedarf sowohl an Skalierbarkeit als auch an Flexibilit\u00e4t erf\u00fcllen.<\/p>\n\n\n\n<figure class=\"wp-block-image size-large\"><a href=\"https:\/\/fitsde-admin-line2.f-i-ts.info\/blog\/wp-content\/uploads\/2023\/05\/cn_engineering_team_600x385.jpg\"><img loading=\"lazy\" width=\"700\" height=\"525\" src=\"https:\/\/fitsde-admin-line2.f-i-ts.info\/blog\/wp-content\/uploads\/2023\/05\/cn_engineering_team_600x385-700x525.jpg\" alt=\"\" class=\"wp-image-12071\" srcset=\"https:\/\/fitsde-admin-line2.f-i-ts.info\/blog\/wp-content\/uploads\/2023\/05\/cn_engineering_team_600x385-700x525.jpg 700w, https:\/\/fitsde-admin-line2.f-i-ts.info\/blog\/wp-content\/uploads\/2023\/05\/cn_engineering_team_600x385-250x188.jpg 250w, https:\/\/fitsde-admin-line2.f-i-ts.info\/blog\/wp-content\/uploads\/2023\/05\/cn_engineering_team_600x385-768x576.jpg 768w, https:\/\/fitsde-admin-line2.f-i-ts.info\/blog\/wp-content\/uploads\/2023\/05\/cn_engineering_team_600x385-120x90.jpg 120w, https:\/\/fitsde-admin-line2.f-i-ts.info\/blog\/wp-content\/uploads\/2023\/05\/cn_engineering_team_600x385.jpg 1200w\" sizes=\"(max-width: 700px) 100vw, 700px\" \/><\/a><figcaption>X-Cellent Techologies<\/figcaption><\/figure>\n\n\n\n<p>Schauen Sie doch mal bei uns vorbei, wir freuen uns auf Ihren Besuch!<\/p>\n\n\n\n<p>Mehr Informationen zur Cloud Expo:<\/p>\n\n\n\n<p><a href=\"https:\/\/rfg.circdata.com\/publish\/CEEF23\/?source=Fi-TS\">Cloud Expo Europe Frankfurt 2023<\/a><\/p>\n\n\n\n<p><strong><u>Fachkonferenz der Versicherungsforen Leipzig<\/u><\/strong><\/p>\n\n\n\n<p>Ebenfalls um das Thema Cloud und Regulatorik dreht sich alles auf der Fachkonferenz der Versicherungsforen in Leipzig am 23. Mai. Hier spricht Klaus Iberle f\u00fcr FI-TS, Bereichsleiter Governance, Risk, Compliance, und bietet dabei auch gleich praxisorientierte L\u00f6sungsans\u00e4tze. Der Titel seines Vortrags lautet \u201ePublic Cloud vs. VAIT: neue regulatorische Anforderungen bei Public Cloud-Anbietern gegen\u00fcber klassischen Onprem-Dienstleistern\u201c.<\/p>\n\n\n\n<p>Link zum Event:<\/p>\n\n\n\n<p><a href=\"https:\/\/www.versicherungsforen.net\/veranstaltungen\/cloud-einsatz-versicherungen-2023\">Cloud-Einsatz in Versicherungen 2023 (versicherungsforen.net)<\/a><\/p>\n","protected":false},"excerpt":{"rendered":"<p>Starke Compliance ist unverzichtbar, gerade f\u00fcr die IT im Banken- und Versicherungssektor. Zugleich ist l\u00e4ngst klar: Die Zukunft der IT liegt in der Cloud. Die Schl\u00fcsselfrage lautet: Wie bringt man beides zusammen? Wir von FI-TS beantworten sie, und zwar u. [&hellip;]<\/p>\n","protected":false},"author":33,"featured_media":12075,"comment_status":"closed","ping_status":"closed","sticky":false,"template":"","format":"standard","meta":[],"categories":[1],"tags":[202,1788,79,1796],"yoast_head":"<!-- This site is optimized with the Yoast SEO plugin v16.6.1 - https:\/\/yoast.com\/wordpress\/plugins\/seo\/ -->\n<title>Cloud und Compliant: Wie regulatorisch konforme Cloud geht, zeigt FI-TS in diesem Fr\u00fchjahr auf zwei Veranstaltungen - FI-TS Blog<\/title>\n<meta name=\"robots\" content=\"index, follow, max-snippet:-1, max-image-preview:large, max-video-preview:-1\" \/>\n<link rel=\"canonical\" href=\"https:\/\/fitsde-admin-line2.f-i-ts.info\/blog\/allgemeines\/cloud-und-compliant-wie-regulatorisch-konforme-cloud-geht-zeigt-fi-ts-in-diesem-fruehjahr-auf-zwei-veranstaltungen\/\" \/>\n<meta property=\"og:locale\" content=\"de_DE\" \/>\n<meta property=\"og:type\" content=\"article\" \/>\n<meta property=\"og:title\" content=\"Cloud und Compliant: Wie regulatorisch konforme Cloud geht, zeigt FI-TS in diesem Fr\u00fchjahr auf zwei Veranstaltungen - FI-TS Blog\" \/>\n<meta property=\"og:description\" content=\"Starke Compliance ist unverzichtbar, gerade f\u00fcr die IT im Banken- und Versicherungssektor. Zugleich ist l\u00e4ngst klar: Die Zukunft der IT liegt in der Cloud. Die Schl\u00fcsselfrage lautet: Wie bringt man beides zusammen? Wir von FI-TS beantworten sie, und zwar u. [&hellip;]\" \/>\n<meta property=\"og:url\" content=\"https:\/\/fitsde-admin-line2.f-i-ts.info\/blog\/allgemeines\/cloud-und-compliant-wie-regulatorisch-konforme-cloud-geht-zeigt-fi-ts-in-diesem-fruehjahr-auf-zwei-veranstaltungen\/\" \/>\n<meta property=\"og:site_name\" content=\"FI-TS Blog\" \/>\n<meta property=\"article:published_time\" content=\"2023-05-05T13:31:23+00:00\" \/>\n<meta name=\"twitter:card\" content=\"summary\" \/>\n<meta name=\"twitter:image\" content=\"https:\/\/fitsde-admin-line2.f-i-ts.info\/blog\/wp-content\/uploads\/2023\/05\/Banner-2023-CEEF.webp\" \/>\n<meta name=\"twitter:label1\" content=\"Gesch\u00e4tzte Lesezeit\" \/>\n\t<meta name=\"twitter:data1\" content=\"4 Minuten\" \/>\n<script type=\"application\/ld+json\" class=\"yoast-schema-graph\">{\"@context\":\"https:\/\/schema.org\",\"@graph\":[{\"@type\":\"WebSite\",\"@id\":\"https:\/\/fitsde-admin-line2.f-i-ts.info\/blog\/#website\",\"url\":\"https:\/\/fitsde-admin-line2.f-i-ts.info\/blog\/\",\"name\":\"FI-TS Blog\",\"description\":\"Blog von FI-TS \\u00fcber Finance- und Technologie Themen\",\"potentialAction\":[{\"@type\":\"SearchAction\",\"target\":{\"@type\":\"EntryPoint\",\"urlTemplate\":\"https:\/\/fitsde-admin-line2.f-i-ts.info\/blog\/?s={search_term_string}\"},\"query-input\":\"required name=search_term_string\"}],\"inLanguage\":\"de-DE\"},{\"@type\":\"ImageObject\",\"@id\":\"https:\/\/fitsde-admin-line2.f-i-ts.info\/blog\/allgemeines\/cloud-und-compliant-wie-regulatorisch-konforme-cloud-geht-zeigt-fi-ts-in-diesem-fruehjahr-auf-zwei-veranstaltungen\/#primaryimage\",\"inLanguage\":\"de-DE\",\"url\":\"https:\/\/fitsde-admin-line2.f-i-ts.info\/blog\/wp-content\/uploads\/2023\/05\/Banner-2023-CEEF.webp\",\"contentUrl\":\"https:\/\/fitsde-admin-line2.f-i-ts.info\/blog\/wp-content\/uploads\/2023\/05\/Banner-2023-CEEF.webp\",\"width\":2540,\"height\":1065},{\"@type\":\"WebPage\",\"@id\":\"https:\/\/fitsde-admin-line2.f-i-ts.info\/blog\/allgemeines\/cloud-und-compliant-wie-regulatorisch-konforme-cloud-geht-zeigt-fi-ts-in-diesem-fruehjahr-auf-zwei-veranstaltungen\/#webpage\",\"url\":\"https:\/\/fitsde-admin-line2.f-i-ts.info\/blog\/allgemeines\/cloud-und-compliant-wie-regulatorisch-konforme-cloud-geht-zeigt-fi-ts-in-diesem-fruehjahr-auf-zwei-veranstaltungen\/\",\"name\":\"Cloud und Compliant: Wie regulatorisch konforme Cloud geht, zeigt FI-TS in diesem Fr\\u00fchjahr auf zwei Veranstaltungen - FI-TS Blog\",\"isPartOf\":{\"@id\":\"https:\/\/fitsde-admin-line2.f-i-ts.info\/blog\/#website\"},\"primaryImageOfPage\":{\"@id\":\"https:\/\/fitsde-admin-line2.f-i-ts.info\/blog\/allgemeines\/cloud-und-compliant-wie-regulatorisch-konforme-cloud-geht-zeigt-fi-ts-in-diesem-fruehjahr-auf-zwei-veranstaltungen\/#primaryimage\"},\"datePublished\":\"2023-05-05T13:31:23+00:00\",\"dateModified\":\"2023-05-05T13:31:23+00:00\",\"author\":{\"@id\":\"https:\/\/fitsde-admin-line2.f-i-ts.info\/blog\/#\/schema\/person\/c828cbd7921a8df295279f022d84466d\"},\"breadcrumb\":{\"@id\":\"https:\/\/fitsde-admin-line2.f-i-ts.info\/blog\/allgemeines\/cloud-und-compliant-wie-regulatorisch-konforme-cloud-geht-zeigt-fi-ts-in-diesem-fruehjahr-auf-zwei-veranstaltungen\/#breadcrumb\"},\"inLanguage\":\"de-DE\",\"potentialAction\":[{\"@type\":\"ReadAction\",\"target\":[\"https:\/\/fitsde-admin-line2.f-i-ts.info\/blog\/allgemeines\/cloud-und-compliant-wie-regulatorisch-konforme-cloud-geht-zeigt-fi-ts-in-diesem-fruehjahr-auf-zwei-veranstaltungen\/\"]}]},{\"@type\":\"BreadcrumbList\",\"@id\":\"https:\/\/fitsde-admin-line2.f-i-ts.info\/blog\/allgemeines\/cloud-und-compliant-wie-regulatorisch-konforme-cloud-geht-zeigt-fi-ts-in-diesem-fruehjahr-auf-zwei-veranstaltungen\/#breadcrumb\",\"itemListElement\":[{\"@type\":\"ListItem\",\"position\":1,\"name\":\"Startseite\",\"item\":\"https:\/\/fitsde-admin-line2.f-i-ts.info\/blog\/\"},{\"@type\":\"ListItem\",\"position\":2,\"name\":\"Cloud und Compliant: Wie regulatorisch konforme Cloud geht, zeigt FI-TS in diesem Fr\\u00fchjahr auf zwei Veranstaltungen\"}]},{\"@type\":\"Person\",\"@id\":\"https:\/\/fitsde-admin-line2.f-i-ts.info\/blog\/#\/schema\/person\/c828cbd7921a8df295279f022d84466d\",\"name\":\"Dirk Maa\\u00dfen\",\"image\":{\"@type\":\"ImageObject\",\"@id\":\"https:\/\/fitsde-admin-line2.f-i-ts.info\/blog\/#personlogo\",\"inLanguage\":\"de-DE\",\"url\":\"https:\/\/fitsde-admin-line2.f-i-ts.info\/blog\/wp-content\/uploads\/2020\/04\/blogteam-massen-96x96.jpg\",\"contentUrl\":\"https:\/\/fitsde-admin-line2.f-i-ts.info\/blog\/wp-content\/uploads\/2020\/04\/blogteam-massen-96x96.jpg\",\"caption\":\"Dirk Maa\\u00dfen\"},\"description\":\"Digitalisierung, digitale Transformation \\u2013 seit 1999 im digitalen Business unterwegs mit Schwerpunkt auf digitalen Mehrwertdiensten, Datenschutz, bargeldlos bezahlen, Smart-Home und Trends. Welche Ver\\u00e4nderungen bringen Trends, welchen Herausforderungen stellen wir uns \\u2013 oder was wird verworfen. Bei FI-TS im Marketing seit 2018 und fasziniert vom Spannungsfeld zwischen Tradition, Erfahrung und Konstanz sowie Innovation, Herausforderungen und Dynamik. Auch in meiner Freizeit bastele ich gerne an digitalen L\\u00f6sungen f\\u00fcr alle Gelegenheiten, koche gerne f\\u00fcr Freunde und Familie \\u2013 wenn ich nicht mit oder ohne Splitboard auf dem Berg bin.\",\"sameAs\":[\"http:\/\/f-i-ts.de\"],\"url\":\"https:\/\/fitsde-admin-line2.f-i-ts.info\/blog\/author\/iz02068\/\"}]}<\/script>\n<!-- \/ Yoast SEO plugin. -->","_links":{"self":[{"href":"https:\/\/fitsde-admin-line2.f-i-ts.info\/blog\/wp-json\/wp\/v2\/posts\/12067"}],"collection":[{"href":"https:\/\/fitsde-admin-line2.f-i-ts.info\/blog\/wp-json\/wp\/v2\/posts"}],"about":[{"href":"https:\/\/fitsde-admin-line2.f-i-ts.info\/blog\/wp-json\/wp\/v2\/types\/post"}],"author":[{"embeddable":true,"href":"https:\/\/fitsde-admin-line2.f-i-ts.info\/blog\/wp-json\/wp\/v2\/users\/33"}],"replies":[{"embeddable":true,"href":"https:\/\/fitsde-admin-line2.f-i-ts.info\/blog\/wp-json\/wp\/v2\/comments?post=12067"}],"version-history":[{"count":2,"href":"https:\/\/fitsde-admin-line2.f-i-ts.info\/blog\/wp-json\/wp\/v2\/posts\/12067\/revisions"}],"predecessor-version":[{"id":12076,"href":"https:\/\/fitsde-admin-line2.f-i-ts.info\/blog\/wp-json\/wp\/v2\/posts\/12067\/revisions\/12076"}],"wp:featuredmedia":[{"embeddable":true,"href":"https:\/\/fitsde-admin-line2.f-i-ts.info\/blog\/wp-json\/wp\/v2\/media\/12075"}],"wp:attachment":[{"href":"https:\/\/fitsde-admin-line2.f-i-ts.info\/blog\/wp-json\/wp\/v2\/media?parent=12067"}],"wp:term":[{"taxonomy":"category","embeddable":true,"href":"https:\/\/fitsde-admin-line2.f-i-ts.info\/blog\/wp-json\/wp\/v2\/categories?post=12067"},{"taxonomy":"post_tag","embeddable":true,"href":"https:\/\/fitsde-admin-line2.f-i-ts.info\/blog\/wp-json\/wp\/v2\/tags?post=12067"}],"curies":[{"name":"wp","href":"https:\/\/api.w.org\/{rel}","templated":true}]}}