{"id":12208,"date":"2024-01-01T00:01:00","date_gmt":"2023-12-31T23:01:00","guid":{"rendered":"https:\/\/fitsde-admin-line2.f-i-ts.info\/blog\/?p=12208"},"modified":"2024-03-19T15:55:44","modified_gmt":"2024-03-19T14:55:44","slug":"30-jahre-fi-ts-wir-bedanken-uns","status":"publish","type":"post","link":"https:\/\/fitsde-admin-line2.f-i-ts.info\/blog\/allgemeines\/30-jahre-fi-ts-wir-bedanken-uns\/","title":{"rendered":"30 Jahre FI-TS &#8211; wir bedanken uns!"},"content":{"rendered":"\n<p>Heute vor 30 Jahren begann mit der Gr\u00fcndung des IZB Informatik Zentrums in M\u00fcnchen unsere aufregende Reise in der IT der Sparkassen Organisation und dar\u00fcber hinaus.<\/p>\n\n\n\n<p>Das Unternehmen hat seither zahlreiche Wandlungen vollzogen.<\/p>\n\n\n\n<p>2001 kommt in Offenbach das Rechenzentrum der Helaba dazu.<\/p>\n\n\n\n<p>2009 \u00fcbernehmen wir den Namen unserer Muttergesellschaft und firmieren seit nun 15 Jahren, und damit schon der H\u00e4lfte unserer Firmengeschichte, unter Finanz Informatik Technologie Service.<\/p>\n\n\n\n<figure class=\"wp-block-image size-large is-resized\"><a href=\"https:\/\/fitsde-admin-line2.f-i-ts.info\/blog\/wp-content\/uploads\/2023\/12\/FI-TS_Logo_RGB_20cm_300dpi.jpg\"><img loading=\"lazy\" src=\"https:\/\/fitsde-admin-line2.f-i-ts.info\/blog\/wp-content\/uploads\/2023\/12\/FI-TS_Logo_RGB_20cm_300dpi-700x249.jpg\" alt=\"\" class=\"wp-image-12212\" width=\"347\" height=\"123\" srcset=\"https:\/\/fitsde-admin-line2.f-i-ts.info\/blog\/wp-content\/uploads\/2023\/12\/FI-TS_Logo_RGB_20cm_300dpi-700x249.jpg 700w, https:\/\/fitsde-admin-line2.f-i-ts.info\/blog\/wp-content\/uploads\/2023\/12\/FI-TS_Logo_RGB_20cm_300dpi-250x89.jpg 250w, https:\/\/fitsde-admin-line2.f-i-ts.info\/blog\/wp-content\/uploads\/2023\/12\/FI-TS_Logo_RGB_20cm_300dpi-768x274.jpg 768w, https:\/\/fitsde-admin-line2.f-i-ts.info\/blog\/wp-content\/uploads\/2023\/12\/FI-TS_Logo_RGB_20cm_300dpi-1536x547.jpg 1536w, https:\/\/fitsde-admin-line2.f-i-ts.info\/blog\/wp-content\/uploads\/2023\/12\/FI-TS_Logo_RGB_20cm_300dpi-2048x730.jpg 2048w, https:\/\/fitsde-admin-line2.f-i-ts.info\/blog\/wp-content\/uploads\/2023\/12\/FI-TS_Logo_RGB_20cm_300dpi-120x43.jpg 120w\" sizes=\"(max-width: 347px) 100vw, 347px\" \/><\/a><figcaption>Das FI-TS Logo<\/figcaption><\/figure>\n\n\n\n<p>2011 er\u00f6ffnen wir den Standort Hannover zur Betreuung der Landesbanken Nord und<\/p>\n\n\n\n<p>2013 sto\u00dfen die Kollegen aus Stuttgart \u2013 heute in Fellbach \u2013 von der LBBW zu uns.<\/p>\n\n\n\n<figure class=\"wp-block-image size-large is-resized\"><a href=\"https:\/\/fitsde-admin-line2.f-i-ts.info\/blog\/wp-content\/uploads\/2024\/01\/FI-TS-FinanceCloud_CMYK_15cm_300dpi.jpg\"><img loading=\"lazy\" src=\"https:\/\/fitsde-admin-line2.f-i-ts.info\/blog\/wp-content\/uploads\/2024\/01\/FI-TS-FinanceCloud_CMYK_15cm_300dpi-700x159.jpg\" alt=\"\" class=\"wp-image-12215\" width=\"342\" height=\"78\" srcset=\"https:\/\/fitsde-admin-line2.f-i-ts.info\/blog\/wp-content\/uploads\/2024\/01\/FI-TS-FinanceCloud_CMYK_15cm_300dpi-700x159.jpg 700w, https:\/\/fitsde-admin-line2.f-i-ts.info\/blog\/wp-content\/uploads\/2024\/01\/FI-TS-FinanceCloud_CMYK_15cm_300dpi-250x57.jpg 250w, https:\/\/fitsde-admin-line2.f-i-ts.info\/blog\/wp-content\/uploads\/2024\/01\/FI-TS-FinanceCloud_CMYK_15cm_300dpi-768x174.jpg 768w, https:\/\/fitsde-admin-line2.f-i-ts.info\/blog\/wp-content\/uploads\/2024\/01\/FI-TS-FinanceCloud_CMYK_15cm_300dpi-1536x348.jpg 1536w, https:\/\/fitsde-admin-line2.f-i-ts.info\/blog\/wp-content\/uploads\/2024\/01\/FI-TS-FinanceCloud_CMYK_15cm_300dpi-120x27.jpg 120w, https:\/\/fitsde-admin-line2.f-i-ts.info\/blog\/wp-content\/uploads\/2024\/01\/FI-TS-FinanceCloud_CMYK_15cm_300dpi.jpg 1772w\" sizes=\"(max-width: 342px) 100vw, 342px\" \/><\/a><figcaption>Das FI-TS Finance Cloud Logo<\/figcaption><\/figure>\n\n\n\n<p>2018 stellen wir die Weichen in die Zukunft der Cloud mit dem Go-Live der FI-TS Finance Cloud<\/p>\n\n\n\n<p>2021 die Inbetriebnahme unseres hochmodernen, neuen Rechenzentrums in N\u00fcrnberg<\/p>\n\n\n\n<figure class=\"wp-block-image size-large is-resized\"><a href=\"https:\/\/fitsde-admin-line2.f-i-ts.info\/blog\/wp-content\/uploads\/2023\/12\/Kyotorad-scaled.jpg\"><img loading=\"lazy\" src=\"https:\/\/fitsde-admin-line2.f-i-ts.info\/blog\/wp-content\/uploads\/2023\/12\/Kyotorad-700x638.jpg\" alt=\"\" class=\"wp-image-12211\" width=\"340\" height=\"310\" srcset=\"https:\/\/fitsde-admin-line2.f-i-ts.info\/blog\/wp-content\/uploads\/2023\/12\/Kyotorad-700x638.jpg 700w, https:\/\/fitsde-admin-line2.f-i-ts.info\/blog\/wp-content\/uploads\/2023\/12\/Kyotorad-250x228.jpg 250w, https:\/\/fitsde-admin-line2.f-i-ts.info\/blog\/wp-content\/uploads\/2023\/12\/Kyotorad-768x700.jpg 768w, https:\/\/fitsde-admin-line2.f-i-ts.info\/blog\/wp-content\/uploads\/2023\/12\/Kyotorad-1536x1400.jpg 1536w, https:\/\/fitsde-admin-line2.f-i-ts.info\/blog\/wp-content\/uploads\/2023\/12\/Kyotorad-2048x1866.jpg 2048w, https:\/\/fitsde-admin-line2.f-i-ts.info\/blog\/wp-content\/uploads\/2023\/12\/Kyotorad-120x109.jpg 120w\" sizes=\"(max-width: 340px) 100vw, 340px\" \/><\/a><figcaption>Kyoto-Rad im neuen Rechenzentrum<\/figcaption><\/figure>\n\n\n\n<p>In 30 Jahren haben wir zusammen zahlreiche Herausforderungen gemeistert, Erfolge gefeiert und Erfahrungen gewonnen. Je weiter man zur\u00fcckblicken kann, desto weiter wird man vorausschauen \u2013 so meinte Winston Churchill.<\/p>\n\n\n\n<p>Und so geht unsere Reise weiter: Unsere Vision <strong>\u201eWir wollen f\u00fchrend im regulierten IT-Betrieb sein\u201c<\/strong> weist uns den Weg.<\/p>\n\n\n\n<p>Ihre Expertise, Ihre Loyalit\u00e4t und Ihre Leidenschaft sind der Motor, der uns voranbringt und sie sind der Garant f\u00fcr eine schlussendlich erfolgreiche Transformation.<\/p>\n\n\n\n<p>Wir danken aufs Herzlichste allen unseren Wegbegleitern:<\/p>\n\n\n\n<ul><li>unseren <strong>hochmotivierten Mitarbeitern und Mitarbeiterinnen<\/strong>,<\/li><li>unseren <strong>treuen Kunden<\/strong>,<\/li><li>unseren <strong>langj\u00e4hrigen Partnern<\/strong> innerhalb und au\u00dferhalb der Unternehmensgruppe.<\/li><li>allen, die uns auf unserer Reise begleitet und unterst\u00fctzt haben<\/li><li>und aus dem Marketing geht besonderer Dank an unsere Agenturen, Event-Locations, Lieferanten, Speaker, Moderatoren und Moderatorinnen!<\/li><\/ul>\n\n\n\n<p>Erfolg wird von Menschen gemacht &#8211; mit Fokussierung und Leidenschaft f\u00fcr die IT gehen wir gemeinsam stark in die Zukunft!<\/p>\n\n\n\n<figure class=\"wp-block-image size-full\"><a href=\"https:\/\/fitsde-admin-line2.f-i-ts.info\/blog\/wp-content\/uploads\/2023\/12\/FI-TS_30_Logo_602x163px.png\"><img loading=\"lazy\" width=\"602\" height=\"163\" src=\"https:\/\/fitsde-admin-line2.f-i-ts.info\/blog\/wp-content\/uploads\/2023\/12\/FI-TS_30_Logo_602x163px.png\" alt=\"\" class=\"wp-image-12210\" srcset=\"https:\/\/fitsde-admin-line2.f-i-ts.info\/blog\/wp-content\/uploads\/2023\/12\/FI-TS_30_Logo_602x163px.png 602w, https:\/\/fitsde-admin-line2.f-i-ts.info\/blog\/wp-content\/uploads\/2023\/12\/FI-TS_30_Logo_602x163px-250x68.png 250w, https:\/\/fitsde-admin-line2.f-i-ts.info\/blog\/wp-content\/uploads\/2023\/12\/FI-TS_30_Logo_602x163px-120x32.png 120w\" sizes=\"(max-width: 602px) 100vw, 602px\" \/><\/a><\/figure>\n","protected":false},"excerpt":{"rendered":"<p>Heute vor 30 Jahren begann mit der Gr\u00fcndung des IZB Informatik Zentrums in M\u00fcnchen unsere aufregende Reise in der IT der Sparkassen Organisation und dar\u00fcber hinaus. Das Unternehmen hat seither zahlreiche Wandlungen vollzogen. 2001 kommt in Offenbach das Rechenzentrum der [&hellip;]<\/p>\n","protected":false},"author":33,"featured_media":12210,"comment_status":"closed","ping_status":"closed","sticky":false,"template":"","format":"standard","meta":[],"categories":[1],"tags":[202,2268,11,2494,2620,1788,79,762,2622,1465,2621,1369,1796,731],"yoast_head":"<!-- This site is optimized with the Yoast SEO plugin v16.6.1 - https:\/\/yoast.com\/wordpress\/plugins\/seo\/ -->\n<title>30 Jahre FI-TS - wir bedanken uns! - FI-TS Blog<\/title>\n<meta name=\"robots\" content=\"index, follow, max-snippet:-1, max-image-preview:large, max-video-preview:-1\" \/>\n<link rel=\"canonical\" href=\"https:\/\/fitsde-admin-line2.f-i-ts.info\/blog\/allgemeines\/30-jahre-fi-ts-wir-bedanken-uns\/\" \/>\n<meta property=\"og:locale\" content=\"de_DE\" \/>\n<meta property=\"og:type\" content=\"article\" \/>\n<meta property=\"og:title\" content=\"30 Jahre FI-TS - wir bedanken uns! - FI-TS Blog\" \/>\n<meta property=\"og:description\" content=\"Heute vor 30 Jahren begann mit der Gr\u00fcndung des IZB Informatik Zentrums in M\u00fcnchen unsere aufregende Reise in der IT der Sparkassen Organisation und dar\u00fcber hinaus. Das Unternehmen hat seither zahlreiche Wandlungen vollzogen. 2001 kommt in Offenbach das Rechenzentrum der [&hellip;]\" \/>\n<meta property=\"og:url\" content=\"https:\/\/fitsde-admin-line2.f-i-ts.info\/blog\/allgemeines\/30-jahre-fi-ts-wir-bedanken-uns\/\" \/>\n<meta property=\"og:site_name\" content=\"FI-TS Blog\" \/>\n<meta property=\"article:published_time\" content=\"2023-12-31T23:01:00+00:00\" \/>\n<meta property=\"article:modified_time\" content=\"2024-03-19T14:55:44+00:00\" \/>\n<meta property=\"og:image\" content=\"https:\/\/www.f-i-ts.de\/blog\/wp-content\/uploads\/2023\/12\/FI-TS_30_Logo_602x163px.png\" \/>\n\t<meta property=\"og:image:width\" content=\"602\" \/>\n\t<meta property=\"og:image:height\" content=\"163\" \/>\n<meta name=\"twitter:card\" content=\"summary\" \/>\n<meta name=\"twitter:label1\" content=\"Gesch\u00e4tzte Lesezeit\" \/>\n\t<meta name=\"twitter:data1\" content=\"2 Minuten\" \/>\n<script type=\"application\/ld+json\" class=\"yoast-schema-graph\">{\"@context\":\"https:\/\/schema.org\",\"@graph\":[{\"@type\":\"WebSite\",\"@id\":\"https:\/\/fitsde-admin-line2.f-i-ts.info\/blog\/#website\",\"url\":\"https:\/\/fitsde-admin-line2.f-i-ts.info\/blog\/\",\"name\":\"FI-TS Blog\",\"description\":\"Blog von FI-TS \\u00fcber Finance- und Technologie Themen\",\"potentialAction\":[{\"@type\":\"SearchAction\",\"target\":{\"@type\":\"EntryPoint\",\"urlTemplate\":\"https:\/\/fitsde-admin-line2.f-i-ts.info\/blog\/?s={search_term_string}\"},\"query-input\":\"required name=search_term_string\"}],\"inLanguage\":\"de-DE\"},{\"@type\":\"ImageObject\",\"@id\":\"https:\/\/fitsde-admin-line2.f-i-ts.info\/blog\/allgemeines\/30-jahre-fi-ts-wir-bedanken-uns\/#primaryimage\",\"inLanguage\":\"de-DE\",\"url\":\"https:\/\/fitsde-admin-line2.f-i-ts.info\/blog\/wp-content\/uploads\/2023\/12\/FI-TS_30_Logo_602x163px.png\",\"contentUrl\":\"https:\/\/fitsde-admin-line2.f-i-ts.info\/blog\/wp-content\/uploads\/2023\/12\/FI-TS_30_Logo_602x163px.png\",\"width\":602,\"height\":163},{\"@type\":\"WebPage\",\"@id\":\"https:\/\/fitsde-admin-line2.f-i-ts.info\/blog\/allgemeines\/30-jahre-fi-ts-wir-bedanken-uns\/#webpage\",\"url\":\"https:\/\/fitsde-admin-line2.f-i-ts.info\/blog\/allgemeines\/30-jahre-fi-ts-wir-bedanken-uns\/\",\"name\":\"30 Jahre FI-TS - wir bedanken uns! - FI-TS Blog\",\"isPartOf\":{\"@id\":\"https:\/\/fitsde-admin-line2.f-i-ts.info\/blog\/#website\"},\"primaryImageOfPage\":{\"@id\":\"https:\/\/fitsde-admin-line2.f-i-ts.info\/blog\/allgemeines\/30-jahre-fi-ts-wir-bedanken-uns\/#primaryimage\"},\"datePublished\":\"2023-12-31T23:01:00+00:00\",\"dateModified\":\"2024-03-19T14:55:44+00:00\",\"author\":{\"@id\":\"https:\/\/fitsde-admin-line2.f-i-ts.info\/blog\/#\/schema\/person\/c828cbd7921a8df295279f022d84466d\"},\"breadcrumb\":{\"@id\":\"https:\/\/fitsde-admin-line2.f-i-ts.info\/blog\/allgemeines\/30-jahre-fi-ts-wir-bedanken-uns\/#breadcrumb\"},\"inLanguage\":\"de-DE\",\"potentialAction\":[{\"@type\":\"ReadAction\",\"target\":[\"https:\/\/fitsde-admin-line2.f-i-ts.info\/blog\/allgemeines\/30-jahre-fi-ts-wir-bedanken-uns\/\"]}]},{\"@type\":\"BreadcrumbList\",\"@id\":\"https:\/\/fitsde-admin-line2.f-i-ts.info\/blog\/allgemeines\/30-jahre-fi-ts-wir-bedanken-uns\/#breadcrumb\",\"itemListElement\":[{\"@type\":\"ListItem\",\"position\":1,\"name\":\"Startseite\",\"item\":\"https:\/\/fitsde-admin-line2.f-i-ts.info\/blog\/\"},{\"@type\":\"ListItem\",\"position\":2,\"name\":\"30 Jahre FI-TS &#8211; wir bedanken uns!\"}]},{\"@type\":\"Person\",\"@id\":\"https:\/\/fitsde-admin-line2.f-i-ts.info\/blog\/#\/schema\/person\/c828cbd7921a8df295279f022d84466d\",\"name\":\"Dirk Maa\\u00dfen\",\"image\":{\"@type\":\"ImageObject\",\"@id\":\"https:\/\/fitsde-admin-line2.f-i-ts.info\/blog\/#personlogo\",\"inLanguage\":\"de-DE\",\"url\":\"https:\/\/fitsde-admin-line2.f-i-ts.info\/blog\/wp-content\/uploads\/2020\/04\/blogteam-massen-96x96.jpg\",\"contentUrl\":\"https:\/\/fitsde-admin-line2.f-i-ts.info\/blog\/wp-content\/uploads\/2020\/04\/blogteam-massen-96x96.jpg\",\"caption\":\"Dirk Maa\\u00dfen\"},\"description\":\"Digitalisierung, digitale Transformation \\u2013 seit 1999 im digitalen Business unterwegs mit Schwerpunkt auf digitalen Mehrwertdiensten, Datenschutz, bargeldlos bezahlen, Smart-Home und Trends. Welche Ver\\u00e4nderungen bringen Trends, welchen Herausforderungen stellen wir uns \\u2013 oder was wird verworfen. Bei FI-TS im Marketing seit 2018 und fasziniert vom Spannungsfeld zwischen Tradition, Erfahrung und Konstanz sowie Innovation, Herausforderungen und Dynamik. Auch in meiner Freizeit bastele ich gerne an digitalen L\\u00f6sungen f\\u00fcr alle Gelegenheiten, koche gerne f\\u00fcr Freunde und Familie \\u2013 wenn ich nicht mit oder ohne Splitboard auf dem Berg bin.\",\"sameAs\":[\"http:\/\/f-i-ts.de\"],\"url\":\"https:\/\/fitsde-admin-line2.f-i-ts.info\/blog\/author\/iz02068\/\"}]}<\/script>\n<!-- \/ Yoast SEO plugin. -->","_links":{"self":[{"href":"https:\/\/fitsde-admin-line2.f-i-ts.info\/blog\/wp-json\/wp\/v2\/posts\/12208"}],"collection":[{"href":"https:\/\/fitsde-admin-line2.f-i-ts.info\/blog\/wp-json\/wp\/v2\/posts"}],"about":[{"href":"https:\/\/fitsde-admin-line2.f-i-ts.info\/blog\/wp-json\/wp\/v2\/types\/post"}],"author":[{"embeddable":true,"href":"https:\/\/fitsde-admin-line2.f-i-ts.info\/blog\/wp-json\/wp\/v2\/users\/33"}],"replies":[{"embeddable":true,"href":"https:\/\/fitsde-admin-line2.f-i-ts.info\/blog\/wp-json\/wp\/v2\/comments?post=12208"}],"version-history":[{"count":8,"href":"https:\/\/fitsde-admin-line2.f-i-ts.info\/blog\/wp-json\/wp\/v2\/posts\/12208\/revisions"}],"predecessor-version":[{"id":12220,"href":"https:\/\/fitsde-admin-line2.f-i-ts.info\/blog\/wp-json\/wp\/v2\/posts\/12208\/revisions\/12220"}],"wp:featuredmedia":[{"embeddable":true,"href":"https:\/\/fitsde-admin-line2.f-i-ts.info\/blog\/wp-json\/wp\/v2\/media\/12210"}],"wp:attachment":[{"href":"https:\/\/fitsde-admin-line2.f-i-ts.info\/blog\/wp-json\/wp\/v2\/media?parent=12208"}],"wp:term":[{"taxonomy":"category","embeddable":true,"href":"https:\/\/fitsde-admin-line2.f-i-ts.info\/blog\/wp-json\/wp\/v2\/categories?post=12208"},{"taxonomy":"post_tag","embeddable":true,"href":"https:\/\/fitsde-admin-line2.f-i-ts.info\/blog\/wp-json\/wp\/v2\/tags?post=12208"}],"curies":[{"name":"wp","href":"https:\/\/api.w.org\/{rel}","templated":true}]}}