{"id":12243,"date":"2024-03-19T13:11:14","date_gmt":"2024-03-19T12:11:14","guid":{"rendered":"https:\/\/fitsde-admin-line2.f-i-ts.info\/blog\/?p=12243"},"modified":"2024-09-25T09:09:48","modified_gmt":"2024-09-25T07:09:48","slug":"kooperation-rasantes-wachstum-sowie-herausforderungen-bei-cloud-kosten-und-regulatorik-ein-gespraech-mit-der-geschaeftsfuehrung-ueber-30-jahre-fi-ts-und-die-zukunft","status":"publish","type":"post","link":"https:\/\/fitsde-admin-line2.f-i-ts.info\/blog\/allgemeines\/kooperation-rasantes-wachstum-sowie-herausforderungen-bei-cloud-kosten-und-regulatorik-ein-gespraech-mit-der-geschaeftsfuehrung-ueber-30-jahre-fi-ts-und-die-zukunft\/","title":{"rendered":"Kooperation, rasantes Wachstum sowie Herausforderungen bei Cloud, Kosten und Regulatorik: ein Gespr\u00e4ch mit der Gesch\u00e4ftsf\u00fchrung \u00fcber 30 Jahre FI-TS \u2013 und die Zukunft"},"content":{"rendered":"\n<p><strong>FI-TS wird 30 Jahre alt, und wir starten eine Serie an Blogbeitr\u00e4gen, um die Entwicklungen \u00fcber diese lange Zeit hinweg nachzuzeichnen und besonders die Meilensteine zu w\u00fcrdigen. Als erstes lassen wir unsere Gesch\u00e4ftsf\u00fchrer Christian Thiel, Christoph R\u00f6ger und Georg B\u00fcttner zu Wort kommen. Wir wollten wissen, was aus ihrer Sicht die Highlights und auch die Lowlights der letzten 30 Jahre sind \u2013 und wie es in den n\u00e4chsten Jahren weitergehen soll. Das Interview f\u00fchrte Dirk Maa\u00dfen.<\/strong><\/p>\n\n\n\n<p><em>Hallo, Chris, Christian und Georg! Danke, dass Ihr Euch die Zeit nehmt, um uns ein paar Fragen zu beantworten. Legen wir gleich los: Was waren denn aus Eurer Sicht die gr\u00f6\u00dften Highlights der letzten 30 Jahre? Ich richte das mal als Erstes an Christian, weil er ja deutlich am l\u00e4ngsten dabei ist.<\/em><\/p>\n\n\n\n<figure class=\"wp-block-image size-large is-resized\"><a href=\"https:\/\/fitsde-admin-line2.f-i-ts.info\/blog\/wp-content\/uploads\/2024\/03\/GF-Gruppenbild.png\"><img loading=\"lazy\" src=\"https:\/\/fitsde-admin-line2.f-i-ts.info\/blog\/wp-content\/uploads\/2024\/03\/GF-Gruppenbild-700x466.png\" alt=\"\" class=\"wp-image-12240\" width=\"555\" height=\"369\" srcset=\"https:\/\/fitsde-admin-line2.f-i-ts.info\/blog\/wp-content\/uploads\/2024\/03\/GF-Gruppenbild-700x466.png 700w, https:\/\/fitsde-admin-line2.f-i-ts.info\/blog\/wp-content\/uploads\/2024\/03\/GF-Gruppenbild-250x167.png 250w, https:\/\/fitsde-admin-line2.f-i-ts.info\/blog\/wp-content\/uploads\/2024\/03\/GF-Gruppenbild-768x512.png 768w, https:\/\/fitsde-admin-line2.f-i-ts.info\/blog\/wp-content\/uploads\/2024\/03\/GF-Gruppenbild-120x80.png 120w, https:\/\/fitsde-admin-line2.f-i-ts.info\/blog\/wp-content\/uploads\/2024\/03\/GF-Gruppenbild.png 1280w\" sizes=\"(max-width: 555px) 100vw, 555px\" \/><\/a><figcaption>Die Gesch\u00e4ftsf\u00fchrung von FI-TS<\/figcaption><\/figure>\n\n\n\n<p><strong>Christian Thiel:<\/strong> Mein pers\u00f6nliches Highlight war meine Ernennung zum Gesch\u00e4ftsf\u00fchrer, 2019 im Theater in Haar. Sie wurde live an alle Standorte \u00fcbertragen und vor Ort von sehr lautem Applaus bedacht. Vierhundert Leute haben da applaudiert. Wenn ich daran denke, l\u00e4uft es mir jetzt noch kalt den R\u00fccken runter: Das war wirklich ein absolutes Highlight, so viel R\u00fcckhalt zu bekommen! Kein Wunder, dass ich mich mit diesem tollen Team auch nach wie vor sehr wohl f\u00fchle.<\/p>\n\n\n\n<p><strong>Christoph R\u00f6ger:<\/strong> Ich bin nat\u00fcrlich noch nicht lange genug dabei, um aus eigener Erfahrung auf 30 Jahre FI-TS zur\u00fcckblicken zu k\u00f6nnen, halte aber allein die Entstehungsgeschichte von FI-TS f\u00fcr bemerkenswert, wegen der umfassenden Kooperationen von Beginn an und wegen des klaren Wachstumskurses: Sparkassenverband Bayern, Bayerische Landesbank und Sparkassen in Bayern tun sich zusammen, entsenden Mitarbeiter, gr\u00fcnden ein gemeinsames Unternehmen, die IZB. Das ist schon mal ein guter Start!<\/p>\n\n\n\n<p>Aber es war erstmal noch eine kleine Nummer, flapsig ausgedr\u00fcckt: eine bayerische Enklave. Doch ein paar Jahre sp\u00e4ter schon kam die Landesbank Hessen-Th\u00fcringen dazu. Diese hat ebenfalls Mitarbeiter eingebracht, und wir hatten durch sie einen zweiten Infrastruktur-Betrieb im Haus. Ein paar kleinere neue Kunden folgten. Sowie schlie\u00dflich die Versicherungen und der gro\u00dfe Sprung in die FI-Gruppe \u2013 jeweils kam es nat\u00fcrlich abermals zu bedeutenden Know-how- und Mitarbeiter-Zuw\u00e4chsen.<\/p>\n\n\n\n<p><strong>Georg B\u00fcttner:<\/strong> Dass wir diesen Wachstumskurs so gut geschafft haben, hat entsprechend auch etwas mit kulturellem Merge zu tun. Ja, dass wir das Zusammenf\u00fchren von Leuten so oft, so schnell, so erfolgreich hinbekommen haben, ist zweifellos ein Highlight. Und als unternehmerische Einzelposition ist die LBBW-Integration als H\u00f6hepunkt zu bezeichnen. Sie stellt den gr\u00f6\u00dften Sprung dar, sowohl personell als auch umsatzm\u00e4\u00dfig.<\/p>\n\n\n\n<p><strong>Christian Thiel: <\/strong>Ja, der Wachstumskurs war enorm! Um das nochmals zu verdeutlichen: Als dann die Nord\/LB mit Sitz in Hannover hinzugekommen ist, hatten wir \u2013 gef\u00fchlt auf einmal \u2013 789 verschiedene Produktionen anstatt der urspr\u00fcnglichen ein oder zwei. Es war eine gro\u00dfe Herausforderung, die zu konsolidieren, also unter anderem auch sieben oder acht systemrelevante Banken einzubinden in allen Bereichen des Infrastrukturbetriebs. Und dies, w\u00e4hrend man sich parallel drau\u00dfen im Markt allgemein schwer getan hat im Infrastruktur-Business, ja, in der ganzen IT!<\/p>\n\n\n\n<p><strong>Christoph R\u00f6ger:<\/strong> Ja, Infrastruktur-IT war allgemein das Stiefkind: Andere Dienstleister haben mit SAP Beratung und anderen Themen vermeintlich einfacher ihr Geld verdient. Und wenn man das sieht, muss man das Gesamtkunstwerk, so viele Banken und Versicherungen einzubinden, so gro\u00dfe Unternehmen zu integrieren, noch viel mehr sch\u00e4tzen: Das ist schon eine beachtliche Leistung gewesen. Also Respekt an alle, die da mitgewirkt haben \u00fcber die letzten 30 Jahre! Allein die Betriebssicherheit und Performance \u00fcber so einen langen Zeitraum mit diesen Herausforderungen aufrechtzuerhalten: beachtlich.<\/p>\n\n\n\n<p><strong>Christian Thiel:<\/strong> Wobei wir ja, das m\u00fcssen wir auch einr\u00e4umen, trotz der insgesamt guten Performance auch Schwierigkeiten kennen. Ich denke da besonders an die St\u00f6rungen Ende 2019, Anfang 2020, die es sogar bis in die Bildzeitung und die Tagesschau gebracht haben. Nat\u00fcrlich konnten wir aus diesen Vorf\u00e4llen viel lernen, allerdings waren sie f\u00fcr mich, auch weil ich meine neue Position erst kurz zuvor angetreten hatte, schon ein ziemlicher Schock. Diese Situation ist f\u00fcr mich dann auch das deutlichste Lowlight meiner gesamten Zeit bei FI-TS.<\/p>\n\n\n\n<p>Das gr\u00f6\u00dfte berufliche Highlight stellt f\u00fcr mich eine der ersten Aufgaben dar, an denen ich in meinen bislang 13 Jahren hier mitwirken konnte: das Gesch\u00e4ftsfeld Versicherungen voranzutreiben. Da haben wir es geschafft, innerhalb von blo\u00df einem Jahr Vorvertr\u00e4ge unter anderem mit der Provinzial-Versicherung, der Sparkassen-Versicherung und der Versicherungskammer Bayern abzuschlie\u00dfen.<\/p>\n\n\n\n<p>Das letzte Highlight, welches ich pers\u00f6nlich begleiten durfte, war das EZB-Programm. Es war das gr\u00f6\u00dfte Projektprogramm der Unternehmensgeschichte, mit fast f\u00fcnf Millionen Euro Kosten. Und wir konnten \u2013 trotz des Zeitdrucks \u2013 fristgerecht fertig werden. Wir haben da mit einem Riesenkraftakt und vielen Kolleginnen und Kollegen absolut Bemerkenswertes geleistet! Ich habe das mal nachgerechnet: Fast ein Drittel der Unternehmensmannschaft hatte mit dem EZB-Programm zu tun, und zwar nicht nur f\u00fcr ein paar Minuten, sondern \u00fcber den ganzen Zeitraum von drei Jahren hinweg. Auf die Erfahrungen, die wir dadurch mit Beh\u00f6rden und Regulatorik allgemein erworben haben, und auf diese Leistung d\u00fcrfen wir wirklich stolz sein \u2013 und wir k\u00f6nnen darauf auf- und unsere F\u00e4higkeiten nun noch weiter ausbauen.<\/p>\n\n\n\n<p><em>Was ist die lustigste oder interessanteste oder sch\u00f6nste Anekdote aus 30 Jahren FI-TS?<\/em><\/p>\n\n\n\n<p><strong>Christian Thiel:<\/strong> <em>(lacht) <\/em>Da kommt mir sofort in den Sinn: Bei einer EZB-Pr\u00fcfung meinte ein CIO in der Runde, wir sollten doch nicht immer blo\u00df rumquaken, sondern einfach mal machen. Daraufhin hat sich eingespielt, dass wir uns zu Beginn der Meetings immer mit einem \u201eQuak\u201c begr\u00fc\u00dft und am Ende mit drei \u201eQuak\u201c verabschiedet haben. Es war ein richtiger Running Gag, und er hat sich so weit gesteigert, dass, immer wenn Kollegen aus dem Projekt ausgeschieden sind, diese uns zum Abschied etwas mit Fr\u00f6schen geschenkt haben. Zum Beispiel war das eine Karte mit einem Frosch drauf. Oder so ein gro\u00dfer Plastikfrosch, den man aufziehen kann und der dann durch die Gegend h\u00fcpft. Es war viel mit Fr\u00f6schen! <em>(lacht nochmals)<\/em><\/p>\n\n\n\n<p>Und in einem Raum hing in den letzten zw\u00f6lf Monaten, bevor wir ungezogen sind, ein Bild mit drei Fr\u00f6schen \u2013 wie die drei Affen, die nichts h\u00f6ren, nichts sehen und nichts sagen \u2013, versehen mit den Initialen der Kollegen aus dem Projektteam. Also, bei aller Anspannung war immer auch eine gute Prise Humor mit am Start!<\/p>\n\n\n\n<figure class=\"wp-block-image size-full is-resized\"><a href=\"https:\/\/fitsde-admin-line2.f-i-ts.info\/blog\/wp-content\/uploads\/2024\/03\/Drei-Froesche_klein.png\"><img loading=\"lazy\" src=\"https:\/\/fitsde-admin-line2.f-i-ts.info\/blog\/wp-content\/uploads\/2024\/03\/Drei-Froesche_klein.png\" alt=\"\" class=\"wp-image-12239\" width=\"505\" height=\"364\" srcset=\"https:\/\/fitsde-admin-line2.f-i-ts.info\/blog\/wp-content\/uploads\/2024\/03\/Drei-Froesche_klein.png 672w, https:\/\/fitsde-admin-line2.f-i-ts.info\/blog\/wp-content\/uploads\/2024\/03\/Drei-Froesche_klein-250x180.png 250w, https:\/\/fitsde-admin-line2.f-i-ts.info\/blog\/wp-content\/uploads\/2024\/03\/Drei-Froesche_klein-120x86.png 120w\" sizes=\"(max-width: 505px) 100vw, 505px\" \/><\/a><figcaption>Quak-Quak: Die drei Fr\u00f6sche<\/figcaption><\/figure>\n\n\n\n<p><em>Welche Herausforderungen sind aktuell die wichtigsten f\u00fcr FI-TS?<\/em><\/p>\n\n\n\n<p><strong>Christoph R\u00f6ger:<\/strong> Ich sehe da f\u00fcnf bedeutenden Punkte. Erstens, unsere Kunden streben in die Public Cloud. Das hei\u00dft f\u00fcr uns, dass wir&nbsp; das ganze Spektrum abdecken und integrieren k\u00f6nnen m\u00fcssen: Mainframe zu Public Cloud und alles dazwischen. Dabei wird das Spektrum immer breiter. Zum Gl\u00fcck hat FI-TS fr\u00fch den richtigen Weg eingeschlagen, um mit dieser Vielfalt zurechtzukommen. Aber sie wird immer auch eine Herausforderung bleiben.<\/p>\n\n\n\n<p>Zweitens, der massive Kostendruck. Er entsteht durch die gestiegenen Kosten auf der Lieferantenseite, aber gleichzeitig auch durch den Preiskampf auf dem Markt und die Anforderungen unserer Kunden.<\/p>\n\n\n\n<p>Drittens ist die Regulatorik zu nennen: Sie wird immer umfassender, ihre Bedeutung steigt stetig, sie muss also von uns kontinuierlich ausgebaut, immer konkreter umgesetzt werden. Etwa in puncto Menschenrechte, Lieferketten, Sorgfaltspflichtengesetz \u2013 also in allem, was mit der Fragestellung zu tun hat, wie wir unsere Welt besser machen, nachhaltiger gestalten \u2013 kommen da echte Herausforderungen auf uns zu, auch da die entsprechenden Anforderungen bereits zunehmend in Gesetze gegossen werden.<\/p>\n\n\n\n<p>Der vierte Punkt ist das Thema Cyber-Security, auf dessen Bedeutung mittlerweile vermutlich nicht mehr explizit hingewiesen werden muss.<\/p>\n\n\n\n<p>Und der f\u00fcnfte nat\u00fcrlich Energieeffizienz. Sie stellt neben einer \u00f6konomischen auch eine \u00f6kologische und gesellschaftliche Verpflichtung dar. Wie ernst wir das Thema nehmen, wie pr\u00e4sent es bereits bei uns ist, zeigt sich zum Beispiel an dem Kyoto-Rad aus unserem neuen Rechenzentrum, das der sehr effizienten, also \u00fcberaus energiesparenden K\u00fchlung der Server dient.&nbsp;<\/p>\n\n\n\n<figure class=\"wp-block-image size-large is-resized\"><a href=\"https:\/\/fitsde-admin-line2.f-i-ts.info\/blog\/wp-content\/uploads\/2024\/03\/Kyotorad.jpg\"><img loading=\"lazy\" src=\"https:\/\/fitsde-admin-line2.f-i-ts.info\/blog\/wp-content\/uploads\/2024\/03\/Kyotorad-700x638.jpg\" alt=\"\" class=\"wp-image-12241\" width=\"394\" height=\"359\" srcset=\"https:\/\/fitsde-admin-line2.f-i-ts.info\/blog\/wp-content\/uploads\/2024\/03\/Kyotorad-700x638.jpg 700w, https:\/\/fitsde-admin-line2.f-i-ts.info\/blog\/wp-content\/uploads\/2024\/03\/Kyotorad-250x228.jpg 250w, https:\/\/fitsde-admin-line2.f-i-ts.info\/blog\/wp-content\/uploads\/2024\/03\/Kyotorad-768x700.jpg 768w, https:\/\/fitsde-admin-line2.f-i-ts.info\/blog\/wp-content\/uploads\/2024\/03\/Kyotorad-120x109.jpg 120w, https:\/\/fitsde-admin-line2.f-i-ts.info\/blog\/wp-content\/uploads\/2024\/03\/Kyotorad.jpg 1280w\" sizes=\"(max-width: 394px) 100vw, 394px\" \/><\/a><figcaption>Das Kyoto-Rad: modernste, energieeffiziente K\u00fchlung im neuen RZ<\/figcaption><\/figure>\n\n\n\n<p><em>Wie sieht der Ausblick auf die n\u00e4chsten Jahre bei FI-TS aus, welches werden die wichtigsten Ver\u00e4nderungen, Meilensteine sein?<\/em><\/p>\n\n\n\n<p><strong>Christoph R\u00f6ger:<\/strong> Zun\u00e4chst m\u00fcssen wir \u2013 wie viele Unternehmen &#8211;&nbsp; Daten und Prozesse effizienter bekommen, diesen Weg der Standardisierung weiter beschreiten. Wenn unsere Daten und Prozesse optimiert sind, dann wird f\u00fcr uns die Stunde der Automatisierung und damit auch die Stunde von AI schlagen. Wir werden in der Lage dazu sein, \u00fcber AIOps und NoOps neue Ans\u00e4tze zu erarbeiten, um Nutzen f\u00fcr unsere Kunden zu stiften sowie, unseren Kunden FinOps anzubieten. Wir werden also k\u00fcnstliche Intelligenz in unseren Prozessen nutzen, auf automatisierte Vorg\u00e4nge setzen und unsere Kunden Mehrwert bieten . Das muss auch bedeuten, dass wir tiefe integrative Schnittstellen in unser Setup einbauen, so dass Kunden ihre Plattformen auch selbst optimieren k\u00f6nnen.<\/p>\n\n\n\n<p>F\u00fcr die Multi-Cloud Umgebungen unserer Kunden begegnen wir mit dem&nbsp; Integrationsaspekt, den die Finance Cloud als hybride Umgebung mit sich bringt. So dass wir dort einfach f\u00fchrend sind, man uns immer Kompetenz zuspricht, wenn es sich um Integration verschiederer Plattformen geht. Dass gesagt wird: Die verstehen die Themen, die haben auch die Tools zum Integrieren \u2013 sowohl automatisiert als auch reguliert und dazu mit den entsprechenden Insights f\u00fcr die Kunden.<\/p>\n\n\n\n<p><em>Vielen Dank Euch allen und noch einen sch\u00f6nen Tag!<\/em><\/p>\n\n\n\n<figure class=\"wp-block-image size-large\"><a href=\"https:\/\/fitsde-admin-line2.f-i-ts.info\/blog\/wp-content\/uploads\/2024\/03\/FI-TS_Eingang_Haupsitz_Haar_Quelle_M_W_Weber_mit-_Muelleimer-scaled.jpg\"><img loading=\"lazy\" width=\"700\" height=\"450\" src=\"https:\/\/fitsde-admin-line2.f-i-ts.info\/blog\/wp-content\/uploads\/2024\/03\/FI-TS_Eingang_Haupsitz_Haar_Quelle_M_W_Weber_mit-_Muelleimer-700x450.jpg\" alt=\"\" class=\"wp-image-12242\" srcset=\"https:\/\/fitsde-admin-line2.f-i-ts.info\/blog\/wp-content\/uploads\/2024\/03\/FI-TS_Eingang_Haupsitz_Haar_Quelle_M_W_Weber_mit-_Muelleimer-700x450.jpg 700w, https:\/\/fitsde-admin-line2.f-i-ts.info\/blog\/wp-content\/uploads\/2024\/03\/FI-TS_Eingang_Haupsitz_Haar_Quelle_M_W_Weber_mit-_Muelleimer-250x161.jpg 250w, https:\/\/fitsde-admin-line2.f-i-ts.info\/blog\/wp-content\/uploads\/2024\/03\/FI-TS_Eingang_Haupsitz_Haar_Quelle_M_W_Weber_mit-_Muelleimer-768x494.jpg 768w, https:\/\/fitsde-admin-line2.f-i-ts.info\/blog\/wp-content\/uploads\/2024\/03\/FI-TS_Eingang_Haupsitz_Haar_Quelle_M_W_Weber_mit-_Muelleimer-1536x988.jpg 1536w, https:\/\/fitsde-admin-line2.f-i-ts.info\/blog\/wp-content\/uploads\/2024\/03\/FI-TS_Eingang_Haupsitz_Haar_Quelle_M_W_Weber_mit-_Muelleimer-2048x1318.jpg 2048w, https:\/\/fitsde-admin-line2.f-i-ts.info\/blog\/wp-content\/uploads\/2024\/03\/FI-TS_Eingang_Haupsitz_Haar_Quelle_M_W_Weber_mit-_Muelleimer-120x77.jpg 120w\" sizes=\"(max-width: 700px) 100vw, 700px\" \/><\/a><figcaption>FI-TS Eingangsbereich, Haar<\/figcaption><\/figure>\n","protected":false},"excerpt":{"rendered":"<p>FI-TS wird 30 Jahre alt, und wir starten eine Serie an Blogbeitr\u00e4gen, um die Entwicklungen \u00fcber diese lange Zeit hinweg nachzuzeichnen und besonders die Meilensteine zu w\u00fcrdigen. Als erstes lassen wir unsere Gesch\u00e4ftsf\u00fchrer Christian Thiel, Christoph R\u00f6ger und Georg B\u00fcttner [&hellip;]<\/p>\n","protected":false},"author":33,"featured_media":12210,"comment_status":"closed","ping_status":"closed","sticky":false,"template":"","format":"standard","meta":[],"categories":[1,2533],"tags":[202,1788,48,2623,2546,2621,2253],"yoast_head":"<!-- This site is optimized with the Yoast SEO plugin v16.6.1 - https:\/\/yoast.com\/wordpress\/plugins\/seo\/ -->\n<title>Kooperation, rasantes Wachstum sowie Herausforderungen bei Cloud, Kosten und Regulatorik: ein Gespr\u00e4ch mit der Gesch\u00e4ftsf\u00fchrung \u00fcber 30 Jahre FI-TS \u2013 und die Zukunft - FI-TS Blog<\/title>\n<meta name=\"robots\" content=\"index, follow, max-snippet:-1, max-image-preview:large, max-video-preview:-1\" \/>\n<link rel=\"canonical\" href=\"https:\/\/fitsde-admin-line2.f-i-ts.info\/blog\/allgemeines\/kooperation-rasantes-wachstum-sowie-herausforderungen-bei-cloud-kosten-und-regulatorik-ein-gespraech-mit-der-geschaeftsfuehrung-ueber-30-jahre-fi-ts-und-die-zukunft\/\" \/>\n<meta property=\"og:locale\" content=\"de_DE\" \/>\n<meta property=\"og:type\" content=\"article\" \/>\n<meta property=\"og:title\" content=\"Kooperation, rasantes Wachstum sowie Herausforderungen bei Cloud, Kosten und Regulatorik: ein Gespr\u00e4ch mit der Gesch\u00e4ftsf\u00fchrung \u00fcber 30 Jahre FI-TS \u2013 und die Zukunft - FI-TS Blog\" \/>\n<meta property=\"og:description\" content=\"FI-TS wird 30 Jahre alt, und wir starten eine Serie an Blogbeitr\u00e4gen, um die Entwicklungen \u00fcber diese lange Zeit hinweg nachzuzeichnen und besonders die Meilensteine zu w\u00fcrdigen. Als erstes lassen wir unsere Gesch\u00e4ftsf\u00fchrer Christian Thiel, Christoph R\u00f6ger und Georg B\u00fcttner [&hellip;]\" \/>\n<meta property=\"og:url\" content=\"https:\/\/fitsde-admin-line2.f-i-ts.info\/blog\/allgemeines\/kooperation-rasantes-wachstum-sowie-herausforderungen-bei-cloud-kosten-und-regulatorik-ein-gespraech-mit-der-geschaeftsfuehrung-ueber-30-jahre-fi-ts-und-die-zukunft\/\" \/>\n<meta property=\"og:site_name\" content=\"FI-TS Blog\" \/>\n<meta property=\"article:published_time\" content=\"2024-03-19T12:11:14+00:00\" \/>\n<meta property=\"article:modified_time\" content=\"2024-09-25T07:09:48+00:00\" \/>\n<meta property=\"og:image\" content=\"https:\/\/fitsde-admin-line2.f-i-ts.info\/blog\/wp-content\/uploads\/2023\/12\/FI-TS_30_Logo_602x163px.png\" \/>\n\t<meta property=\"og:image:width\" content=\"602\" \/>\n\t<meta property=\"og:image:height\" content=\"163\" \/>\n<meta name=\"twitter:card\" content=\"summary\" \/>\n<meta name=\"twitter:label1\" content=\"Gesch\u00e4tzte Lesezeit\" \/>\n\t<meta name=\"twitter:data1\" content=\"8 Minuten\" \/>\n<script type=\"application\/ld+json\" class=\"yoast-schema-graph\">{\"@context\":\"https:\/\/schema.org\",\"@graph\":[{\"@type\":\"WebSite\",\"@id\":\"https:\/\/fitsde-admin-line2.f-i-ts.info\/blog\/#website\",\"url\":\"https:\/\/fitsde-admin-line2.f-i-ts.info\/blog\/\",\"name\":\"FI-TS Blog\",\"description\":\"Blog von FI-TS \\u00fcber Finance- und Technologie Themen\",\"potentialAction\":[{\"@type\":\"SearchAction\",\"target\":{\"@type\":\"EntryPoint\",\"urlTemplate\":\"https:\/\/fitsde-admin-line2.f-i-ts.info\/blog\/?s={search_term_string}\"},\"query-input\":\"required name=search_term_string\"}],\"inLanguage\":\"de-DE\"},{\"@type\":\"ImageObject\",\"@id\":\"https:\/\/fitsde-admin-line2.f-i-ts.info\/blog\/allgemeines\/kooperation-rasantes-wachstum-sowie-herausforderungen-bei-cloud-kosten-und-regulatorik-ein-gespraech-mit-der-geschaeftsfuehrung-ueber-30-jahre-fi-ts-und-die-zukunft\/#primaryimage\",\"inLanguage\":\"de-DE\",\"url\":\"https:\/\/fitsde-admin-line2.f-i-ts.info\/blog\/wp-content\/uploads\/2023\/12\/FI-TS_30_Logo_602x163px.png\",\"contentUrl\":\"https:\/\/fitsde-admin-line2.f-i-ts.info\/blog\/wp-content\/uploads\/2023\/12\/FI-TS_30_Logo_602x163px.png\",\"width\":602,\"height\":163},{\"@type\":\"WebPage\",\"@id\":\"https:\/\/fitsde-admin-line2.f-i-ts.info\/blog\/allgemeines\/kooperation-rasantes-wachstum-sowie-herausforderungen-bei-cloud-kosten-und-regulatorik-ein-gespraech-mit-der-geschaeftsfuehrung-ueber-30-jahre-fi-ts-und-die-zukunft\/#webpage\",\"url\":\"https:\/\/fitsde-admin-line2.f-i-ts.info\/blog\/allgemeines\/kooperation-rasantes-wachstum-sowie-herausforderungen-bei-cloud-kosten-und-regulatorik-ein-gespraech-mit-der-geschaeftsfuehrung-ueber-30-jahre-fi-ts-und-die-zukunft\/\",\"name\":\"Kooperation, rasantes Wachstum sowie Herausforderungen bei Cloud, Kosten und Regulatorik: ein Gespr\\u00e4ch mit der Gesch\\u00e4ftsf\\u00fchrung \\u00fcber 30 Jahre FI-TS \\u2013 und die Zukunft - FI-TS Blog\",\"isPartOf\":{\"@id\":\"https:\/\/fitsde-admin-line2.f-i-ts.info\/blog\/#website\"},\"primaryImageOfPage\":{\"@id\":\"https:\/\/fitsde-admin-line2.f-i-ts.info\/blog\/allgemeines\/kooperation-rasantes-wachstum-sowie-herausforderungen-bei-cloud-kosten-und-regulatorik-ein-gespraech-mit-der-geschaeftsfuehrung-ueber-30-jahre-fi-ts-und-die-zukunft\/#primaryimage\"},\"datePublished\":\"2024-03-19T12:11:14+00:00\",\"dateModified\":\"2024-09-25T07:09:48+00:00\",\"author\":{\"@id\":\"https:\/\/fitsde-admin-line2.f-i-ts.info\/blog\/#\/schema\/person\/c828cbd7921a8df295279f022d84466d\"},\"breadcrumb\":{\"@id\":\"https:\/\/fitsde-admin-line2.f-i-ts.info\/blog\/allgemeines\/kooperation-rasantes-wachstum-sowie-herausforderungen-bei-cloud-kosten-und-regulatorik-ein-gespraech-mit-der-geschaeftsfuehrung-ueber-30-jahre-fi-ts-und-die-zukunft\/#breadcrumb\"},\"inLanguage\":\"de-DE\",\"potentialAction\":[{\"@type\":\"ReadAction\",\"target\":[\"https:\/\/fitsde-admin-line2.f-i-ts.info\/blog\/allgemeines\/kooperation-rasantes-wachstum-sowie-herausforderungen-bei-cloud-kosten-und-regulatorik-ein-gespraech-mit-der-geschaeftsfuehrung-ueber-30-jahre-fi-ts-und-die-zukunft\/\"]}]},{\"@type\":\"BreadcrumbList\",\"@id\":\"https:\/\/fitsde-admin-line2.f-i-ts.info\/blog\/allgemeines\/kooperation-rasantes-wachstum-sowie-herausforderungen-bei-cloud-kosten-und-regulatorik-ein-gespraech-mit-der-geschaeftsfuehrung-ueber-30-jahre-fi-ts-und-die-zukunft\/#breadcrumb\",\"itemListElement\":[{\"@type\":\"ListItem\",\"position\":1,\"name\":\"Startseite\",\"item\":\"https:\/\/fitsde-admin-line2.f-i-ts.info\/blog\/\"},{\"@type\":\"ListItem\",\"position\":2,\"name\":\"Kooperation, rasantes Wachstum sowie Herausforderungen bei Cloud, Kosten und Regulatorik: ein Gespr\\u00e4ch mit der Gesch\\u00e4ftsf\\u00fchrung \\u00fcber 30 Jahre FI-TS \\u2013 und die Zukunft\"}]},{\"@type\":\"Person\",\"@id\":\"https:\/\/fitsde-admin-line2.f-i-ts.info\/blog\/#\/schema\/person\/c828cbd7921a8df295279f022d84466d\",\"name\":\"Dirk Maa\\u00dfen\",\"image\":{\"@type\":\"ImageObject\",\"@id\":\"https:\/\/fitsde-admin-line2.f-i-ts.info\/blog\/#personlogo\",\"inLanguage\":\"de-DE\",\"url\":\"https:\/\/fitsde-admin-line2.f-i-ts.info\/blog\/wp-content\/uploads\/2020\/04\/blogteam-massen-96x96.jpg\",\"contentUrl\":\"https:\/\/fitsde-admin-line2.f-i-ts.info\/blog\/wp-content\/uploads\/2020\/04\/blogteam-massen-96x96.jpg\",\"caption\":\"Dirk Maa\\u00dfen\"},\"description\":\"Digitalisierung, digitale Transformation \\u2013 seit 1999 im digitalen Business unterwegs mit Schwerpunkt auf digitalen Mehrwertdiensten, Datenschutz, bargeldlos bezahlen, Smart-Home und Trends. Welche Ver\\u00e4nderungen bringen Trends, welchen Herausforderungen stellen wir uns \\u2013 oder was wird verworfen. Bei FI-TS im Marketing seit 2018 und fasziniert vom Spannungsfeld zwischen Tradition, Erfahrung und Konstanz sowie Innovation, Herausforderungen und Dynamik. Auch in meiner Freizeit bastele ich gerne an digitalen L\\u00f6sungen f\\u00fcr alle Gelegenheiten, koche gerne f\\u00fcr Freunde und Familie \\u2013 wenn ich nicht mit oder ohne Splitboard auf dem Berg bin.\",\"sameAs\":[\"http:\/\/f-i-ts.de\"],\"url\":\"https:\/\/fitsde-admin-line2.f-i-ts.info\/blog\/author\/iz02068\/\"}]}<\/script>\n<!-- \/ Yoast SEO plugin. -->","_links":{"self":[{"href":"https:\/\/fitsde-admin-line2.f-i-ts.info\/blog\/wp-json\/wp\/v2\/posts\/12243"}],"collection":[{"href":"https:\/\/fitsde-admin-line2.f-i-ts.info\/blog\/wp-json\/wp\/v2\/posts"}],"about":[{"href":"https:\/\/fitsde-admin-line2.f-i-ts.info\/blog\/wp-json\/wp\/v2\/types\/post"}],"author":[{"embeddable":true,"href":"https:\/\/fitsde-admin-line2.f-i-ts.info\/blog\/wp-json\/wp\/v2\/users\/33"}],"replies":[{"embeddable":true,"href":"https:\/\/fitsde-admin-line2.f-i-ts.info\/blog\/wp-json\/wp\/v2\/comments?post=12243"}],"version-history":[{"count":5,"href":"https:\/\/fitsde-admin-line2.f-i-ts.info\/blog\/wp-json\/wp\/v2\/posts\/12243\/revisions"}],"predecessor-version":[{"id":12248,"href":"https:\/\/fitsde-admin-line2.f-i-ts.info\/blog\/wp-json\/wp\/v2\/posts\/12243\/revisions\/12248"}],"wp:featuredmedia":[{"embeddable":true,"href":"https:\/\/fitsde-admin-line2.f-i-ts.info\/blog\/wp-json\/wp\/v2\/media\/12210"}],"wp:attachment":[{"href":"https:\/\/fitsde-admin-line2.f-i-ts.info\/blog\/wp-json\/wp\/v2\/media?parent=12243"}],"wp:term":[{"taxonomy":"category","embeddable":true,"href":"https:\/\/fitsde-admin-line2.f-i-ts.info\/blog\/wp-json\/wp\/v2\/categories?post=12243"},{"taxonomy":"post_tag","embeddable":true,"href":"https:\/\/fitsde-admin-line2.f-i-ts.info\/blog\/wp-json\/wp\/v2\/tags?post=12243"}],"curies":[{"name":"wp","href":"https:\/\/api.w.org\/{rel}","templated":true}]}}