{"id":9486,"date":"2019-08-12T15:48:49","date_gmt":"2019-08-12T13:48:49","guid":{"rendered":"https:\/\/www.f-i-ts.de\/blog\/?p=9486"},"modified":"2022-01-10T12:33:03","modified_gmt":"2022-01-10T11:33:03","slug":"fi-ts-bildet-wieder-aus","status":"publish","type":"post","link":"https:\/\/fitsde-admin-line2.f-i-ts.info\/blog\/allgemeines\/fi-ts-bildet-wieder-aus\/","title":{"rendered":"FI-TS bildet wieder aus!"},"content":{"rendered":"<p>Ab dem Ausbildungsjahr 2020 geben wir jungen Menschen die M\u00f6glichkeit, eine Ausbildung zum Fachinformatiker bei FI-TS zu absolvieren. Zus\u00e4tzlich bieten wir mehr Pl\u00e4tze f\u00fcr Duale Studenten an. Die Fachausbildung und das Duale Studium sind neben Praktikanten und Werkstudenten die tragenden S\u00e4ulen des FI-TS Recruiting-Programms f\u00fcr junge Talente.<\/p>\n<p>\u201eVon der Initiative profitieren beide Seiten. Junge Menschen erhalten eine praxisorientierte Qualifikation und FI-TS einen Pool an Nachwuchskr\u00e4ften, die von der profunden Berufserfahrung der FI-TS Kolleginnen und Kollegen profitieren.\u201c, so Dirk von Ingersleben, HR Business Partner.<\/p>\n<p>2020 sind wir deshalb auf den wichtigsten Messen f\u00fcr Nachwuchskr\u00e4fte vertreten.<\/p>\n<p>Informieren Sie sich \u00fcber unsere Angebote und treffen Sie uns auf:<\/p>\n<p>&nbsp;<\/p>\n<p>Studieninfotag der Dualen Hochschule Baden-W\u00fcrttemberg am 20.11.2019 (<a href=\"https:\/\/www.dhbw-stuttgart.de\/zielgruppen\/studieninteressierte\/studieninfotag\/\" target=\"_blank\" rel=\"noopener noreferrer\">link<\/a>)<\/p>\n<p>Traumberuf IT in M\u00fcnchen am 11.03.2020 (<a href=\"https:\/\/www.messen.de\/de\/16424\/muenchen\/traumberuf-it-und-technik-muenchen\/info\" target=\"_blank\" rel=\"noopener noreferrer\">link<\/a>)<\/p>\n<p>Traumberuf in Stuttgart am 07.05.2020 (<a href=\"https:\/\/www.messen.de\/de\/16423\/stuttgart\/traumberuf-it-und-technik-stuttgart\/info\" target=\"_blank\" rel=\"noopener noreferrer\">link<\/a>)<\/p>\n<p>&nbsp;<\/p>\n<p>Schon jetzt k\u00f6nnen Sie sich auf unsere Angebote zum Dualem Studium, f\u00fcr Werkstudenten und Praktikanten bewerben. Mehr Informationen finden Sie unter folgendem Link: <a href=\"https:\/\/www.f-i-ts.de\/karriere\/studieren\/\">https:\/\/www.f-i-ts.de\/karriere\/studieren\/<\/a><\/p>\n","protected":false},"excerpt":{"rendered":"<p>Ab dem Ausbildungsjahr 2020 geben wir jungen Menschen die M\u00f6glichkeit, eine Ausbildung zum Fachinformatiker bei FI-TS zu absolvieren. Zus\u00e4tzlich bieten wir mehr Pl\u00e4tze f\u00fcr Duale Studenten an. Die Fachausbildung und das Duale Studium sind neben Praktikanten und Werkstudenten die tragenden [&hellip;]<\/p>\n","protected":false},"author":33,"featured_media":9491,"comment_status":"open","ping_status":"closed","sticky":false,"template":"","format":"standard","meta":[],"categories":[1],"tags":[],"yoast_head":"<!-- This site is optimized with the Yoast SEO plugin v16.6.1 - https:\/\/yoast.com\/wordpress\/plugins\/seo\/ -->\n<title>FI-TS bildet wieder aus! - FI-TS Blog<\/title>\n<meta name=\"robots\" content=\"index, follow, max-snippet:-1, max-image-preview:large, max-video-preview:-1\" \/>\n<link rel=\"canonical\" href=\"https:\/\/fitsde-admin-line2.f-i-ts.info\/blog\/allgemeines\/fi-ts-bildet-wieder-aus\/\" \/>\n<meta property=\"og:locale\" content=\"de_DE\" \/>\n<meta property=\"og:type\" content=\"article\" \/>\n<meta property=\"og:title\" content=\"FI-TS bildet wieder aus! - FI-TS Blog\" \/>\n<meta property=\"og:description\" content=\"Ab dem Ausbildungsjahr 2020 geben wir jungen Menschen die M\u00f6glichkeit, eine Ausbildung zum Fachinformatiker bei FI-TS zu absolvieren. Zus\u00e4tzlich bieten wir mehr Pl\u00e4tze f\u00fcr Duale Studenten an. Die Fachausbildung und das Duale Studium sind neben Praktikanten und Werkstudenten die tragenden [&hellip;]\" \/>\n<meta property=\"og:url\" content=\"https:\/\/fitsde-admin-line2.f-i-ts.info\/blog\/allgemeines\/fi-ts-bildet-wieder-aus\/\" \/>\n<meta property=\"og:site_name\" content=\"FI-TS Blog\" \/>\n<meta property=\"article:published_time\" content=\"2019-08-12T13:48:49+00:00\" \/>\n<meta property=\"article:modified_time\" content=\"2022-01-10T11:33:03+00:00\" \/>\n<meta property=\"og:image\" content=\"https:\/\/fitsde-admin-line2.f-i-ts.info\/blog\/wp-content\/uploads\/2019\/08\/FI-TS_AZUBI.gif\" \/>\n\t<meta property=\"og:image:width\" content=\"2190\" \/>\n\t<meta property=\"og:image:height\" content=\"710\" \/>\n<meta name=\"twitter:card\" content=\"summary\" \/>\n<meta name=\"twitter:label1\" content=\"Gesch\u00e4tzte Lesezeit\" \/>\n\t<meta name=\"twitter:data1\" content=\"1 Minute\" \/>\n<script type=\"application\/ld+json\" class=\"yoast-schema-graph\">{\"@context\":\"https:\/\/schema.org\",\"@graph\":[{\"@type\":\"WebSite\",\"@id\":\"https:\/\/fitsde-admin-line2.f-i-ts.info\/blog\/#website\",\"url\":\"https:\/\/fitsde-admin-line2.f-i-ts.info\/blog\/\",\"name\":\"FI-TS Blog\",\"description\":\"Blog von FI-TS \\u00fcber Finance- und Technologie Themen\",\"potentialAction\":[{\"@type\":\"SearchAction\",\"target\":{\"@type\":\"EntryPoint\",\"urlTemplate\":\"https:\/\/fitsde-admin-line2.f-i-ts.info\/blog\/?s={search_term_string}\"},\"query-input\":\"required name=search_term_string\"}],\"inLanguage\":\"de-DE\"},{\"@type\":\"ImageObject\",\"@id\":\"https:\/\/fitsde-admin-line2.f-i-ts.info\/blog\/allgemeines\/fi-ts-bildet-wieder-aus\/#primaryimage\",\"inLanguage\":\"de-DE\",\"url\":\"https:\/\/fitsde-admin-line2.f-i-ts.info\/blog\/wp-content\/uploads\/2019\/08\/FI-TS_AZUBI.gif\",\"contentUrl\":\"https:\/\/fitsde-admin-line2.f-i-ts.info\/blog\/wp-content\/uploads\/2019\/08\/FI-TS_AZUBI.gif\",\"width\":2190,\"height\":710},{\"@type\":\"WebPage\",\"@id\":\"https:\/\/fitsde-admin-line2.f-i-ts.info\/blog\/allgemeines\/fi-ts-bildet-wieder-aus\/#webpage\",\"url\":\"https:\/\/fitsde-admin-line2.f-i-ts.info\/blog\/allgemeines\/fi-ts-bildet-wieder-aus\/\",\"name\":\"FI-TS bildet wieder aus! - FI-TS Blog\",\"isPartOf\":{\"@id\":\"https:\/\/fitsde-admin-line2.f-i-ts.info\/blog\/#website\"},\"primaryImageOfPage\":{\"@id\":\"https:\/\/fitsde-admin-line2.f-i-ts.info\/blog\/allgemeines\/fi-ts-bildet-wieder-aus\/#primaryimage\"},\"datePublished\":\"2019-08-12T13:48:49+00:00\",\"dateModified\":\"2022-01-10T11:33:03+00:00\",\"author\":{\"@id\":\"https:\/\/fitsde-admin-line2.f-i-ts.info\/blog\/#\/schema\/person\/c828cbd7921a8df295279f022d84466d\"},\"breadcrumb\":{\"@id\":\"https:\/\/fitsde-admin-line2.f-i-ts.info\/blog\/allgemeines\/fi-ts-bildet-wieder-aus\/#breadcrumb\"},\"inLanguage\":\"de-DE\",\"potentialAction\":[{\"@type\":\"ReadAction\",\"target\":[\"https:\/\/fitsde-admin-line2.f-i-ts.info\/blog\/allgemeines\/fi-ts-bildet-wieder-aus\/\"]}]},{\"@type\":\"BreadcrumbList\",\"@id\":\"https:\/\/fitsde-admin-line2.f-i-ts.info\/blog\/allgemeines\/fi-ts-bildet-wieder-aus\/#breadcrumb\",\"itemListElement\":[{\"@type\":\"ListItem\",\"position\":1,\"name\":\"Startseite\",\"item\":\"https:\/\/fitsde-admin-line2.f-i-ts.info\/blog\/\"},{\"@type\":\"ListItem\",\"position\":2,\"name\":\"FI-TS bildet wieder aus!\"}]},{\"@type\":\"Person\",\"@id\":\"https:\/\/fitsde-admin-line2.f-i-ts.info\/blog\/#\/schema\/person\/c828cbd7921a8df295279f022d84466d\",\"name\":\"Dirk Maa\\u00dfen\",\"image\":{\"@type\":\"ImageObject\",\"@id\":\"https:\/\/fitsde-admin-line2.f-i-ts.info\/blog\/#personlogo\",\"inLanguage\":\"de-DE\",\"url\":\"https:\/\/fitsde-admin-line2.f-i-ts.info\/blog\/wp-content\/uploads\/2020\/04\/blogteam-massen-96x96.jpg\",\"contentUrl\":\"https:\/\/fitsde-admin-line2.f-i-ts.info\/blog\/wp-content\/uploads\/2020\/04\/blogteam-massen-96x96.jpg\",\"caption\":\"Dirk Maa\\u00dfen\"},\"description\":\"Digitalisierung, digitale Transformation \\u2013 seit 1999 im digitalen Business unterwegs mit Schwerpunkt auf digitalen Mehrwertdiensten, Datenschutz, bargeldlos bezahlen, Smart-Home und Trends. Welche Ver\\u00e4nderungen bringen Trends, welchen Herausforderungen stellen wir uns \\u2013 oder was wird verworfen. Bei FI-TS im Marketing seit 2018 und fasziniert vom Spannungsfeld zwischen Tradition, Erfahrung und Konstanz sowie Innovation, Herausforderungen und Dynamik. Auch in meiner Freizeit bastele ich gerne an digitalen L\\u00f6sungen f\\u00fcr alle Gelegenheiten, koche gerne f\\u00fcr Freunde und Familie \\u2013 wenn ich nicht mit oder ohne Splitboard auf dem Berg bin.\",\"sameAs\":[\"http:\/\/f-i-ts.de\"],\"url\":\"https:\/\/fitsde-admin-line2.f-i-ts.info\/blog\/author\/iz02068\/\"}]}<\/script>\n<!-- \/ Yoast SEO plugin. -->","_links":{"self":[{"href":"https:\/\/fitsde-admin-line2.f-i-ts.info\/blog\/wp-json\/wp\/v2\/posts\/9486"}],"collection":[{"href":"https:\/\/fitsde-admin-line2.f-i-ts.info\/blog\/wp-json\/wp\/v2\/posts"}],"about":[{"href":"https:\/\/fitsde-admin-line2.f-i-ts.info\/blog\/wp-json\/wp\/v2\/types\/post"}],"author":[{"embeddable":true,"href":"https:\/\/fitsde-admin-line2.f-i-ts.info\/blog\/wp-json\/wp\/v2\/users\/33"}],"replies":[{"embeddable":true,"href":"https:\/\/fitsde-admin-line2.f-i-ts.info\/blog\/wp-json\/wp\/v2\/comments?post=9486"}],"version-history":[{"count":7,"href":"https:\/\/fitsde-admin-line2.f-i-ts.info\/blog\/wp-json\/wp\/v2\/posts\/9486\/revisions"}],"predecessor-version":[{"id":9506,"href":"https:\/\/fitsde-admin-line2.f-i-ts.info\/blog\/wp-json\/wp\/v2\/posts\/9486\/revisions\/9506"}],"wp:featuredmedia":[{"embeddable":true,"href":"https:\/\/fitsde-admin-line2.f-i-ts.info\/blog\/wp-json\/wp\/v2\/media\/9491"}],"wp:attachment":[{"href":"https:\/\/fitsde-admin-line2.f-i-ts.info\/blog\/wp-json\/wp\/v2\/media?parent=9486"}],"wp:term":[{"taxonomy":"category","embeddable":true,"href":"https:\/\/fitsde-admin-line2.f-i-ts.info\/blog\/wp-json\/wp\/v2\/categories?post=9486"},{"taxonomy":"post_tag","embeddable":true,"href":"https:\/\/fitsde-admin-line2.f-i-ts.info\/blog\/wp-json\/wp\/v2\/tags?post=9486"}],"curies":[{"name":"wp","href":"https:\/\/api.w.org\/{rel}","templated":true}]}}