{"id":9544,"date":"2019-10-29T10:31:37","date_gmt":"2019-10-29T09:31:37","guid":{"rendered":"https:\/\/www.f-i-ts.de\/blog\/?p=9544"},"modified":"2022-01-10T12:33:02","modified_gmt":"2022-01-10T11:33:02","slug":"cloudexpert-cafe-koeln-wie-geht-vait-cloud-fuer-versicherungen","status":"publish","type":"post","link":"https:\/\/fitsde-admin-line2.f-i-ts.info\/blog\/events\/cloudexpert-cafe-koeln-wie-geht-vait-cloud-fuer-versicherungen\/","title":{"rendered":"CloudExpert Cafe &#8211; K\u00f6ln: Wie geht VAIT &#038; Cloud f\u00fcr Versicherungen?"},"content":{"rendered":"<p><!--more-->Die Versicherungsbranche steht weiter vor gro\u00dfen Herausforderungen: Disruptive Produkte junger, agiler Wettbewerber erfordern kreative Antworten. Und deren Umsetzung ben\u00f6tigt die richtige IT-Infrastruktur, Stichwort: \u201emoderne IT\u201c. Hinzu kommt: Als w\u00e4re das alleine nicht Herausforderung genug, zieht parallel die BaFin die regulatorischen Z\u00fcgel fester an. Insbesondere zwingen die \u201eVersicherungsaufsichtlichen Anforderungen an die IT\u201c (VAIT) mit ihrem sofortigen Inkrafttreten Versicherer zum Handeln. Dringend gilt es, hierdurch neu aufgeworfene Fragen zu kl\u00e4ren, etwa: Wie komme ich aufsichtsrechtlich konform in die Cloud?<\/p>\n<p>Denn die VAIT-Publikation markiert eine Zeitenwende, mit ihr sendet die Aufsicht an Versicherungen zwei deutliche Signale. Erstens: Wir pr\u00fcfen k\u00fcnftig jeden von euch \u2013 ohne Ausnahme. Zweitens: Die VAIT gelten ab sofort \u2013 ohne \u00dcbergangsfrist, da euch die Inhalte schon bekannt sind. L\u00f6sungen sind also dringend gefragt.<\/p>\n<p>Um zu zeigen, welche das sein k\u00f6nnen und welche Herausforderungen hier weiter f\u00fcr den Versicherungsmarkt bestehen, hatte FI-TS zum ersten FI-TS CloudExpert Caf\u00e9 nach K\u00f6ln eingeladen. Regulatorik- und Cloud-Experten trafen sich mit Vertretern der Branche in unmittelbarer Nachbarschaft des K\u00f6lner Domes.<\/p>\n<div id=\"attachment_9547\" style=\"width: 310px\" class=\"wp-caption alignnone\"><a href=\"https:\/\/www.f-i-ts.de\/blog\/wp-content\/uploads\/2019\/10\/CEC_Intro.png\"><img aria-describedby=\"caption-attachment-9547\" loading=\"lazy\" class=\"wp-image-9547 size-medium\" src=\"https:\/\/www.f-i-ts.de\/blog\/wp-content\/uploads\/2019\/10\/CEC_Intro-300x225.png\" alt=\"\" width=\"300\" height=\"225\" srcset=\"https:\/\/fitsde-admin-line2.f-i-ts.info\/blog\/wp-content\/uploads\/2019\/10\/CEC_Intro-300x225.png 300w, https:\/\/fitsde-admin-line2.f-i-ts.info\/blog\/wp-content\/uploads\/2019\/10\/CEC_Intro.png 600w\" sizes=\"(max-width: 300px) 100vw, 300px\" \/><\/a><p id=\"caption-attachment-9547\" class=\"wp-caption-text\">Diskussion mit Blick \u00fcber K\u00f6ln<\/p><\/div>\n<p>Nach einem Willkommen durch den FI-TS-Gastgeber Herrn Dr. Thiel, der \u2013 mit einigen Jahren Projekterfahrung in der aufsichtsrechtlichen Pr\u00fcfung sowie regulatorischer Anforderungen \u2013 auf die Dringlichkeit des Handelns aufmerksam gemacht hatte, schilderten Herr Wilop und Herr Giebichenstein ihren Alltag als Pr\u00fcfer: Was wird gepr\u00fcft? Wie wird gepr\u00fcft? Auf was muss man sich vorbereiten? F\u00fcr die Experten stand dabei unter anderem fest: \u201eDie Nutzung von Cloud ist alternativlos im Financial-Service-Umfeld \u2013 und mit den richtigen Ma\u00dfnahmen auch effizient, sicher und last but not least aufsichtsrechtlich konform m\u00f6glich.\u201c<\/p>\n<p>Doch wie schafft man nun tats\u00e4chlich den Schritt in die Cloud bei gleichzeitigem Spagat zwischen bestehender Alt-IT und drohenden Problemen durch Feststellungen von Aufsichtsbeh\u00f6rden? Auch das kl\u00e4rten die Pr\u00fcfer auf, wie im Folgenden dargelegt wird.<\/p>\n<div id=\"attachment_9549\" style=\"width: 310px\" class=\"wp-caption alignnone\"><a href=\"https:\/\/www.f-i-ts.de\/blog\/wp-content\/uploads\/2019\/10\/CEC_Dreibus.png\"><img aria-describedby=\"caption-attachment-9549\" loading=\"lazy\" class=\"wp-image-9549 size-medium\" src=\"https:\/\/www.f-i-ts.de\/blog\/wp-content\/uploads\/2019\/10\/CEC_Dreibus-300x225.png\" alt=\"\" width=\"300\" height=\"225\" srcset=\"https:\/\/fitsde-admin-line2.f-i-ts.info\/blog\/wp-content\/uploads\/2019\/10\/CEC_Dreibus-300x225.png 300w, https:\/\/fitsde-admin-line2.f-i-ts.info\/blog\/wp-content\/uploads\/2019\/10\/CEC_Dreibus.png 600w\" sizes=\"(max-width: 300px) 100vw, 300px\" \/><\/a><p id=\"caption-attachment-9549\" class=\"wp-caption-text\">Know-How Transfer in kleinen Gruppen<\/p><\/div>\n<h2><strong>Kurz &amp; knapp: Was ist VAIT \u00fcberhaupt?<\/strong><\/h2>\n<p>Doch zun\u00e4chst kurz zum Hintergrund: Die VAIT erl\u00e4utern die \u201eMindestanforderungen an die Gesch\u00e4ftsorganisation von Versicherungsunternehmen\u201c (MaGo) durch Konkretisierungen f\u00fcr die IT in Assekuranzen. Mit den Vorgaben tr\u00e4gt die Aufsicht der wachsenden Bedeutung der IT und den damit verbundenen steigenden IT-Risiken Rechnung. Sie will Standards etablieren f\u00fcr den verl\u00e4sslichen IT-Betrieb. Au\u00dferdem soll das IT-Risikobewusstsein der Verantwortlichen innerhalb des Unternehmens und gegen\u00fcber deren IT-Dienstleistern erh\u00f6ht werden. In der Realit\u00e4t treffen Gepr\u00fcfte aber oft auf gro\u00dfe Unterschiede bei den Kriterien der Pr\u00fcfer. Auch hilft es nicht, alle Aufgaben auf den IT-Dienstleister zu verlegen, da viele Herausforderungen einer modernen IT auch im Betrieb und durch die Nutzer gel\u00f6st werden m\u00fcssen. Dass dabei ein erfahrener IT-Infrastrukturdienstleister von gro\u00dfem Nutzwert sein kann, zeigten die Experten von FI-TS nach diesem Augen\u00f6ffner:<\/p>\n<h2><strong>Was Pr\u00fcfer wollen<\/strong><\/h2>\n<p>Im Bereich \u201eIT-Strategie\u201c erwarten die Pr\u00fcfer, wie Herr Wilop und Herr Giebichenstein darlegten, dass Versicherer eine aktuelle IT-Strategie vorweisen k\u00f6nnen, die sich aus der Gesch\u00e4ftsstrategie ableitet. Dabei sind etablierte Standards wichtig, ebenso die Fortschreibung der IT-Architektur und Aussagen zur IT-Sicherheit sowie zum Notfallmanagement.<\/p>\n<h3><strong>Zukunftssichere IT<\/strong><\/h3>\n<p>Eine intensive Besch\u00e4ftigung mit den VAIT ist also unumg\u00e4nglich. Auch sollte deren Umsetzung kurzfristig erfolgen. Herausfordernd sind dabei ganz wesentlich die Risiken aus veralteten IT-Systemen, wie die Pr\u00fcfer betonten. Daher ist es wichtig, kl\u00e4rten sie abschlie\u00dfend auf, dass Versicherer ihre IT-Landschaft eingehend analysieren, um auf dieser Grundlage zuverl\u00e4ssig eine zukunftssichere IT aufbauen zu k\u00f6nnen.<\/p>\n<h3><strong>L\u00f6sungen f\u00fcr Versicherungen<\/strong><\/h3>\n<p>Weiter ging es mit Workshops und Vortr\u00e4gen, die folgenden Hintergrund hatten: Im Zuge der Finanzkrise an zahlreichen Stellen Handlungsbedarf offenbart bzw. geschaffen hatten die Anforderungen an Banken (BAIT). Sie wurden 2018 dann auch auf Versicherungen \u00fcbertragen (VAIT). Die offene Frage: Welchen Beitrag k\u00f6nnen in diesem Zusammenhang IT-Partner leisten?<\/p>\n<p>Es diskutierten Vertreter von FI-TS das eigene 3-S\u00e4ulen-Cloud-Portfolio mit den Produkten FI-TS Finance Cloud Enterprise, FI-TS Finance Cloud Native sowie FI-TS Finance Cloud Public Integration in drei rollierenden Formaten mit den G\u00e4sten. Die FI-TS Mitarbeiter stellten zun\u00e4chst die Vorz\u00fcge von FI-TS und FI-TS Produkten im Cloud-Kontext heraus, im Kern sind dies folgende:<\/p>\n<div id=\"attachment_9550\" style=\"width: 310px\" class=\"wp-caption alignnone\"><a href=\"https:\/\/www.f-i-ts.de\/blog\/wp-content\/uploads\/2019\/10\/CEC_Brunner.png\"><img aria-describedby=\"caption-attachment-9550\" loading=\"lazy\" class=\"wp-image-9550 size-medium\" src=\"https:\/\/www.f-i-ts.de\/blog\/wp-content\/uploads\/2019\/10\/CEC_Brunner-300x225.png\" alt=\"\" width=\"300\" height=\"225\" srcset=\"https:\/\/fitsde-admin-line2.f-i-ts.info\/blog\/wp-content\/uploads\/2019\/10\/CEC_Brunner-300x225.png 300w, https:\/\/fitsde-admin-line2.f-i-ts.info\/blog\/wp-content\/uploads\/2019\/10\/CEC_Brunner.png 600w\" sizes=\"(max-width: 300px) 100vw, 300px\" \/><\/a><p id=\"caption-attachment-9550\" class=\"wp-caption-text\">Cloud Experten bei der Arbeit<\/p><\/div>\n<p><strong>FI-TS Finance Cloud Enterprise<\/strong> bietet den einfachen Einstieg in die Cloud (IaaS \/ PaaS) mit Windows oder Linux sowie Datenbanken mit dem Ziel eines begrenzten Migrationsaufwands der Applikationen<br \/>\nSicherheit gew\u00e4hrleistet dabei die On-Premises-Bereitstellung aus FI-TS Rechenzentren in Deutschland<\/p>\n<p>&nbsp;<\/p>\n<p><strong>FI-TS Finance Cloud Native<\/strong> bietet hochmoderne Technologien wie \u201estateless\u201c Container (Kubernetes) und Streaming (Apache Kafka)<br \/>\nNat\u00fcrlich ist auch hier alles \u201emade in Germany\u201c<\/p>\n<div id=\"attachment_9548\" style=\"width: 235px\" class=\"wp-caption alignnone\"><a href=\"https:\/\/www.f-i-ts.de\/blog\/wp-content\/uploads\/2019\/10\/CEC_Kubernetes.png\"><img aria-describedby=\"caption-attachment-9548\" loading=\"lazy\" class=\"wp-image-9548 size-medium\" src=\"https:\/\/www.f-i-ts.de\/blog\/wp-content\/uploads\/2019\/10\/CEC_Kubernetes-225x300.png\" alt=\"\" width=\"225\" height=\"300\" srcset=\"https:\/\/fitsde-admin-line2.f-i-ts.info\/blog\/wp-content\/uploads\/2019\/10\/CEC_Kubernetes-225x300.png 225w, https:\/\/fitsde-admin-line2.f-i-ts.info\/blog\/wp-content\/uploads\/2019\/10\/CEC_Kubernetes.png 450w\" sizes=\"(max-width: 225px) 100vw, 225px\" \/><\/a><p id=\"caption-attachment-9548\" class=\"wp-caption-text\">Kubernetes &#8211; erkl\u00e4rt mit Lego<\/p><\/div>\n<p><strong>FI-TS Finance Cloud Public Integration<\/strong> entlastet Kunden durch die Kombination von Public-Hyperscaler- mit FI\u2011TS On-Premises-Services<br \/>\nFI-TS als Service-Provider unterst\u00fctzt den Kunden mit sicherem Gateway in die Cloud inkl. Services rund um die gro\u00dfen Anbieter, ohne dabei sensible Bereiche aus der Hand zu geben<\/p>\n<h2><strong>Wenn der Pr\u00fcfer vor der T\u00fcr steht<\/strong><\/h2>\n<p>Grunds\u00e4tzlich wurde von allen Seiten betont: Die Zusammenarbeit mit erfahrenen IT-Dienstleistern entlastet Versicherungen, die den Besuch der Pr\u00fcfer erwarten. Denn professionelle IT-Partner setzen die aktuellen Vorgaben wie VAIT vollst\u00e4ndig um und richten ihren IT-Betrieb danach aus. Gleichzeitig begleiten sie die Versicherer auf dem technologischen Weg in die Zukunft, also letztlich fr\u00fcher oder sp\u00e4ter auch immer in die Cloud. Sie sorgen daf\u00fcr, dass auch hier stets alles aufsichtskonform ist. Gegenseitiges Vertrauen und Kooperation sind dabei, so war man sich einig, in diesen Kontexten stets essenzielle Grundlagen.<\/p>\n<div id=\"attachment_9551\" style=\"width: 310px\" class=\"wp-caption alignnone\"><a href=\"https:\/\/www.f-i-ts.de\/blog\/wp-content\/uploads\/2019\/10\/CEC_Grafik.png\"><img aria-describedby=\"caption-attachment-9551\" loading=\"lazy\" class=\"wp-image-9551 size-medium\" src=\"https:\/\/www.f-i-ts.de\/blog\/wp-content\/uploads\/2019\/10\/CEC_Grafik-300x88.png\" alt=\"\" width=\"300\" height=\"88\" srcset=\"https:\/\/fitsde-admin-line2.f-i-ts.info\/blog\/wp-content\/uploads\/2019\/10\/CEC_Grafik-300x88.png 300w, https:\/\/fitsde-admin-line2.f-i-ts.info\/blog\/wp-content\/uploads\/2019\/10\/CEC_Grafik-768x226.png 768w, https:\/\/fitsde-admin-line2.f-i-ts.info\/blog\/wp-content\/uploads\/2019\/10\/CEC_Grafik-1024x302.png 1024w, https:\/\/fitsde-admin-line2.f-i-ts.info\/blog\/wp-content\/uploads\/2019\/10\/CEC_Grafik-600x177.png 600w, https:\/\/fitsde-admin-line2.f-i-ts.info\/blog\/wp-content\/uploads\/2019\/10\/CEC_Grafik.png 1976w\" sizes=\"(max-width: 300px) 100vw, 300px\" \/><\/a><p id=\"caption-attachment-9551\" class=\"wp-caption-text\">Entscheidungskriterien der Cloud-Strategie<\/p><\/div>\n<p>Und es herrschte Einigkeit: Operationelle Probleme in der Praxis angehen, das beginnt mit dem Einbetten von Cloud-Aktivit\u00e4ten in die eigene IT- &amp; Digitalisierungsstrategie: Cloud ist Chefsache! Beratung umfasst deshalb neben der strategischen Ebene auch immer diejenige der konkreten Operationalisierung in der IT und ber\u00fccksichtigt die jeweils FS-spezifischen Herausforderungen (Architektur, Compliance, Informationsrisiken).<\/p>\n<p>Nach drei intensiven Workshop-Runden wurde beim Lunch dann rege genetzwerkt, und die Inhalte der Workshops wurden in Einzelgespr\u00e4chen vertieft.<\/p>\n<p>Das n\u00e4chste FI-TS CloudExpert Caf\u00e9 findet am 15.11. in Hamburg statt. Wenn Sie als Versicherer auch vor Cloud-Herausforderungen stehen und an unserer Veranstaltung interessiert sind, freuen wir uns auf Ihre Anfrage zur Teilnahme!<\/p>\n","protected":false},"excerpt":{"rendered":"","protected":false},"author":33,"featured_media":9546,"comment_status":"open","ping_status":"closed","sticky":false,"template":"","format":"standard","meta":[],"categories":[22,2534,2533],"tags":[11,1360,1369,2458,131],"yoast_head":"<!-- This site is optimized with the Yoast SEO plugin v16.6.1 - https:\/\/yoast.com\/wordpress\/plugins\/seo\/ -->\n<title>CloudExpert Cafe - K\u00f6ln: Wie geht VAIT &amp; Cloud f\u00fcr Versicherungen? - FI-TS Blog<\/title>\n<meta name=\"robots\" content=\"index, follow, max-snippet:-1, max-image-preview:large, max-video-preview:-1\" \/>\n<link rel=\"canonical\" href=\"https:\/\/fitsde-admin-line2.f-i-ts.info\/blog\/events\/cloudexpert-cafe-koeln-wie-geht-vait-cloud-fuer-versicherungen\/\" \/>\n<meta property=\"og:locale\" content=\"de_DE\" \/>\n<meta property=\"og:type\" content=\"article\" \/>\n<meta property=\"og:title\" content=\"CloudExpert Cafe - K\u00f6ln: Wie geht VAIT &amp; Cloud f\u00fcr Versicherungen? - FI-TS Blog\" \/>\n<meta property=\"og:url\" content=\"https:\/\/fitsde-admin-line2.f-i-ts.info\/blog\/events\/cloudexpert-cafe-koeln-wie-geht-vait-cloud-fuer-versicherungen\/\" \/>\n<meta property=\"og:site_name\" content=\"FI-TS Blog\" \/>\n<meta property=\"article:published_time\" content=\"2019-10-29T09:31:37+00:00\" \/>\n<meta property=\"article:modified_time\" content=\"2022-01-10T11:33:02+00:00\" \/>\n<meta property=\"og:image\" content=\"https:\/\/fitsde-admin-line2.f-i-ts.info\/blog\/wp-content\/uploads\/2019\/10\/iStock_VERKN\u00dcPFUNG-\u00dcBER-STADTHIMMEL-BANKEN-BLOCKCHAIN.jpg\" \/>\n\t<meta property=\"og:image:width\" content=\"1422\" \/>\n\t<meta property=\"og:image:height\" content=\"738\" \/>\n<meta name=\"twitter:card\" content=\"summary\" \/>\n<meta name=\"twitter:label1\" content=\"Gesch\u00e4tzte Lesezeit\" \/>\n\t<meta name=\"twitter:data1\" content=\"5 Minuten\" \/>\n<script type=\"application\/ld+json\" class=\"yoast-schema-graph\">{\"@context\":\"https:\/\/schema.org\",\"@graph\":[{\"@type\":\"WebSite\",\"@id\":\"https:\/\/fitsde-admin-line2.f-i-ts.info\/blog\/#website\",\"url\":\"https:\/\/fitsde-admin-line2.f-i-ts.info\/blog\/\",\"name\":\"FI-TS Blog\",\"description\":\"Blog von FI-TS \\u00fcber Finance- und Technologie Themen\",\"potentialAction\":[{\"@type\":\"SearchAction\",\"target\":{\"@type\":\"EntryPoint\",\"urlTemplate\":\"https:\/\/fitsde-admin-line2.f-i-ts.info\/blog\/?s={search_term_string}\"},\"query-input\":\"required name=search_term_string\"}],\"inLanguage\":\"de-DE\"},{\"@type\":\"ImageObject\",\"@id\":\"https:\/\/fitsde-admin-line2.f-i-ts.info\/blog\/events\/cloudexpert-cafe-koeln-wie-geht-vait-cloud-fuer-versicherungen\/#primaryimage\",\"inLanguage\":\"de-DE\",\"url\":\"https:\/\/fitsde-admin-line2.f-i-ts.info\/blog\/wp-content\/uploads\/2019\/10\/iStock_VERKN\\u00dcPFUNG-\\u00dcBER-STADTHIMMEL-BANKEN-BLOCKCHAIN.jpg\",\"contentUrl\":\"https:\/\/fitsde-admin-line2.f-i-ts.info\/blog\/wp-content\/uploads\/2019\/10\/iStock_VERKN\\u00dcPFUNG-\\u00dcBER-STADTHIMMEL-BANKEN-BLOCKCHAIN.jpg\",\"width\":1422,\"height\":738,\"caption\":\"Internet of things , Blockchain network , Machine learning , deep learning and neural networks concept. White Distributed connection atom with blue city background , 3d rendering\"},{\"@type\":\"WebPage\",\"@id\":\"https:\/\/fitsde-admin-line2.f-i-ts.info\/blog\/events\/cloudexpert-cafe-koeln-wie-geht-vait-cloud-fuer-versicherungen\/#webpage\",\"url\":\"https:\/\/fitsde-admin-line2.f-i-ts.info\/blog\/events\/cloudexpert-cafe-koeln-wie-geht-vait-cloud-fuer-versicherungen\/\",\"name\":\"CloudExpert Cafe - K\\u00f6ln: Wie geht VAIT & Cloud f\\u00fcr Versicherungen? - FI-TS Blog\",\"isPartOf\":{\"@id\":\"https:\/\/fitsde-admin-line2.f-i-ts.info\/blog\/#website\"},\"primaryImageOfPage\":{\"@id\":\"https:\/\/fitsde-admin-line2.f-i-ts.info\/blog\/events\/cloudexpert-cafe-koeln-wie-geht-vait-cloud-fuer-versicherungen\/#primaryimage\"},\"datePublished\":\"2019-10-29T09:31:37+00:00\",\"dateModified\":\"2022-01-10T11:33:02+00:00\",\"author\":{\"@id\":\"https:\/\/fitsde-admin-line2.f-i-ts.info\/blog\/#\/schema\/person\/c828cbd7921a8df295279f022d84466d\"},\"breadcrumb\":{\"@id\":\"https:\/\/fitsde-admin-line2.f-i-ts.info\/blog\/events\/cloudexpert-cafe-koeln-wie-geht-vait-cloud-fuer-versicherungen\/#breadcrumb\"},\"inLanguage\":\"de-DE\",\"potentialAction\":[{\"@type\":\"ReadAction\",\"target\":[\"https:\/\/fitsde-admin-line2.f-i-ts.info\/blog\/events\/cloudexpert-cafe-koeln-wie-geht-vait-cloud-fuer-versicherungen\/\"]}]},{\"@type\":\"BreadcrumbList\",\"@id\":\"https:\/\/fitsde-admin-line2.f-i-ts.info\/blog\/events\/cloudexpert-cafe-koeln-wie-geht-vait-cloud-fuer-versicherungen\/#breadcrumb\",\"itemListElement\":[{\"@type\":\"ListItem\",\"position\":1,\"name\":\"Startseite\",\"item\":\"https:\/\/fitsde-admin-line2.f-i-ts.info\/blog\/\"},{\"@type\":\"ListItem\",\"position\":2,\"name\":\"CloudExpert Cafe &#8211; K\\u00f6ln: Wie geht VAIT &#038; Cloud f\\u00fcr Versicherungen?\"}]},{\"@type\":\"Person\",\"@id\":\"https:\/\/fitsde-admin-line2.f-i-ts.info\/blog\/#\/schema\/person\/c828cbd7921a8df295279f022d84466d\",\"name\":\"Dirk Maa\\u00dfen\",\"image\":{\"@type\":\"ImageObject\",\"@id\":\"https:\/\/fitsde-admin-line2.f-i-ts.info\/blog\/#personlogo\",\"inLanguage\":\"de-DE\",\"url\":\"https:\/\/fitsde-admin-line2.f-i-ts.info\/blog\/wp-content\/uploads\/2020\/04\/blogteam-massen-96x96.jpg\",\"contentUrl\":\"https:\/\/fitsde-admin-line2.f-i-ts.info\/blog\/wp-content\/uploads\/2020\/04\/blogteam-massen-96x96.jpg\",\"caption\":\"Dirk Maa\\u00dfen\"},\"description\":\"Digitalisierung, digitale Transformation \\u2013 seit 1999 im digitalen Business unterwegs mit Schwerpunkt auf digitalen Mehrwertdiensten, Datenschutz, bargeldlos bezahlen, Smart-Home und Trends. Welche Ver\\u00e4nderungen bringen Trends, welchen Herausforderungen stellen wir uns \\u2013 oder was wird verworfen. Bei FI-TS im Marketing seit 2018 und fasziniert vom Spannungsfeld zwischen Tradition, Erfahrung und Konstanz sowie Innovation, Herausforderungen und Dynamik. Auch in meiner Freizeit bastele ich gerne an digitalen L\\u00f6sungen f\\u00fcr alle Gelegenheiten, koche gerne f\\u00fcr Freunde und Familie \\u2013 wenn ich nicht mit oder ohne Splitboard auf dem Berg bin.\",\"sameAs\":[\"http:\/\/f-i-ts.de\"],\"url\":\"https:\/\/fitsde-admin-line2.f-i-ts.info\/blog\/author\/iz02068\/\"}]}<\/script>\n<!-- \/ Yoast SEO plugin. -->","_links":{"self":[{"href":"https:\/\/fitsde-admin-line2.f-i-ts.info\/blog\/wp-json\/wp\/v2\/posts\/9544"}],"collection":[{"href":"https:\/\/fitsde-admin-line2.f-i-ts.info\/blog\/wp-json\/wp\/v2\/posts"}],"about":[{"href":"https:\/\/fitsde-admin-line2.f-i-ts.info\/blog\/wp-json\/wp\/v2\/types\/post"}],"author":[{"embeddable":true,"href":"https:\/\/fitsde-admin-line2.f-i-ts.info\/blog\/wp-json\/wp\/v2\/users\/33"}],"replies":[{"embeddable":true,"href":"https:\/\/fitsde-admin-line2.f-i-ts.info\/blog\/wp-json\/wp\/v2\/comments?post=9544"}],"version-history":[{"count":17,"href":"https:\/\/fitsde-admin-line2.f-i-ts.info\/blog\/wp-json\/wp\/v2\/posts\/9544\/revisions"}],"predecessor-version":[{"id":9622,"href":"https:\/\/fitsde-admin-line2.f-i-ts.info\/blog\/wp-json\/wp\/v2\/posts\/9544\/revisions\/9622"}],"wp:featuredmedia":[{"embeddable":true,"href":"https:\/\/fitsde-admin-line2.f-i-ts.info\/blog\/wp-json\/wp\/v2\/media\/9546"}],"wp:attachment":[{"href":"https:\/\/fitsde-admin-line2.f-i-ts.info\/blog\/wp-json\/wp\/v2\/media?parent=9544"}],"wp:term":[{"taxonomy":"category","embeddable":true,"href":"https:\/\/fitsde-admin-line2.f-i-ts.info\/blog\/wp-json\/wp\/v2\/categories?post=9544"},{"taxonomy":"post_tag","embeddable":true,"href":"https:\/\/fitsde-admin-line2.f-i-ts.info\/blog\/wp-json\/wp\/v2\/tags?post=9544"}],"curies":[{"name":"wp","href":"https:\/\/api.w.org\/{rel}","templated":true}]}}