{"id":9673,"date":"2020-02-17T08:10:18","date_gmt":"2020-02-17T07:10:18","guid":{"rendered":"https:\/\/www.f-i-ts.de\/blog\/?p=9673"},"modified":"2022-01-10T12:33:02","modified_gmt":"2022-01-10T11:33:02","slug":"management-forum-2020-ein-kompaktueberblick","status":"publish","type":"post","link":"https:\/\/fitsde-admin-line2.f-i-ts.info\/blog\/events\/management-forum-2020-ein-kompaktueberblick\/","title":{"rendered":"Bald ist es soweit &#8211; Das Management Forum 2020: Ein Kompakt\u00fcberblick"},"content":{"rendered":"<p>Am 26. M\u00e4rz 2020 ist es wieder soweit. Das <a href=\"https:\/\/www.f-i-ts.de\/management-forum\/start\/\">FI-TS Management-Forum 2020<\/a> l\u00e4dt F\u00fchrungskr\u00e4fte und IT-Experten aus der Banken- und Versicherungsbranche zu einem intensiven Dialog in die BMW Welt M\u00fcnchen ein.<\/p>\n<p>Zentrales Thema ist die digitale Transformation und wie wir sie gemeinsam gestalten.<br \/>\n<strong>Mutig, optimistisch, integrierend<\/strong>. Unsere Speaker zeigen auf, wie Banken und Versicherungen herausfordernde Transformationsprozesse heute erfolgreich umsetzten und was dadurch morgen m\u00f6glich ist.<\/p>\n<p><strong>\u00a0<\/strong><!--more--><\/p>\n<h3><strong>Was Entscheider bewegt<\/strong><\/h3>\n<p>Auf dem FI-TS Management-Forum 2020 erwartet Sie ein abwechslungsreiches <a href=\"https:\/\/www.f-i-ts.de\/management-forum\/programm\/\">Programm<\/a> mit spannenden Keynotes, Live-Simulationen, Breakout Sessions und vielen Gelegenheiten zu interessanten Gespr\u00e4chen.<br \/>\nNach einem offenen Networking-Fr\u00fchst\u00fcck begr\u00fc\u00dft Sie Dr. Christian Thiel, seit Anfang 2020 Mitglied der FI\u2011TS Gesch\u00e4ftsf\u00fchrung, zur Er\u00f6ffnung der Veranstaltung.<\/p>\n<p>Diese beginnt gleich mit einem Ernstfall \u2013 und dem Cybersecurity-Experten Prof. Dr. Marco Gercke.<br \/>\nIn seiner <strong>Live Cyber Incident Simulation<\/strong> erleben Sie einen Angriff auf ein fiktives Unternehmen. Dabei k\u00f6nnen Sie selbst aktiv teilnehmen, Entscheidungen treffen und das Handlungsgeschehen beeinflussen.<br \/>\nEin wahrer Augen\u00f6ffner f\u00fcr die Herausforderungen der Entscheidungsfindung.<\/p>\n<p>&nbsp;<\/p>\n<div id=\"attachment_9697\" style=\"width: 650px\" class=\"wp-caption aligncenter\"><a href=\"https:\/\/www.f-i-ts.de\/blog\/wp-content\/uploads\/2020\/02\/200213-FITS-web-blog-1200x800-MF.jpg\"><img aria-describedby=\"caption-attachment-9697\" loading=\"lazy\" class=\"wp-image-9697 size-large\" src=\"https:\/\/www.f-i-ts.de\/blog\/wp-content\/uploads\/2020\/02\/200213-FITS-web-blog-1200x800-MF-1024x683.jpg\" alt=\"\" width=\"640\" height=\"427\" srcset=\"https:\/\/fitsde-admin-line2.f-i-ts.info\/blog\/wp-content\/uploads\/2020\/02\/200213-FITS-web-blog-1200x800-MF-1024x683.jpg 1024w, https:\/\/fitsde-admin-line2.f-i-ts.info\/blog\/wp-content\/uploads\/2020\/02\/200213-FITS-web-blog-1200x800-MF-300x200.jpg 300w, https:\/\/fitsde-admin-line2.f-i-ts.info\/blog\/wp-content\/uploads\/2020\/02\/200213-FITS-web-blog-1200x800-MF-768x512.jpg 768w, https:\/\/fitsde-admin-line2.f-i-ts.info\/blog\/wp-content\/uploads\/2020\/02\/200213-FITS-web-blog-1200x800-MF-600x400.jpg 600w\" sizes=\"(max-width: 640px) 100vw, 640px\" \/><\/a><p id=\"caption-attachment-9697\" class=\"wp-caption-text\">Spannende Vortr\u00e4ge gab es bereits auf dem MF2019<\/p><\/div>\n<h3><strong>Zukunft heute erfinden<\/strong><\/h3>\n<p>Freuen Sie sich auf spannende Impulse von unserem Speaker Dr. Frederik G. Pferdt, Chief Innovation Evangelist bei Google. Er war Gr\u00fcnder von Googles erstem Kreativlabor \u201eThe Garage\u201c und gilt als einer der wichtigsten Vordenker im Silicon Valley. In seinem interaktiven Vortrag gibt er exklusive Einblicke, wie erfolgreiche Innovationskulturen entstehen und Menschen ihr kreatives Potenzial nutzen k\u00f6nnen.<\/p>\n<p><strong>\u00a0<\/strong><strong>\u00a0<\/strong><\/p>\n<h3><strong>Exklusive Breakout Sessions<\/strong><\/h3>\n<p>In den Breakout Sessions k\u00f6nnen Sie an diversen Themenstationen mit Live-Demos Ihr Wissen vertiefen.<br \/>\nUnsere Experten geben Ihnen einen Einblick in neueste Innovationen, Cloud-Technologien und Cyber Security.<br \/>\nDas bedeutet f\u00fcr Sie: geb\u00fcndeltes Know-how, kompaktes Wissen und aktiver Austausch.<\/p>\n<p>&nbsp;<\/p>\n<div id=\"attachment_9698\" style=\"width: 650px\" class=\"wp-caption aligncenter\"><a href=\"https:\/\/www.f-i-ts.de\/blog\/wp-content\/uploads\/2020\/02\/200213-FITS-web-blog-1200x800-MF2.jpg\"><img aria-describedby=\"caption-attachment-9698\" loading=\"lazy\" class=\"wp-image-9698\" src=\"https:\/\/www.f-i-ts.de\/blog\/wp-content\/uploads\/2020\/02\/200213-FITS-web-blog-1200x800-MF2-1024x683.jpg\" alt=\"\" width=\"640\" height=\"427\" srcset=\"https:\/\/fitsde-admin-line2.f-i-ts.info\/blog\/wp-content\/uploads\/2020\/02\/200213-FITS-web-blog-1200x800-MF2-1024x683.jpg 1024w, https:\/\/fitsde-admin-line2.f-i-ts.info\/blog\/wp-content\/uploads\/2020\/02\/200213-FITS-web-blog-1200x800-MF2-300x200.jpg 300w, https:\/\/fitsde-admin-line2.f-i-ts.info\/blog\/wp-content\/uploads\/2020\/02\/200213-FITS-web-blog-1200x800-MF2-768x512.jpg 768w, https:\/\/fitsde-admin-line2.f-i-ts.info\/blog\/wp-content\/uploads\/2020\/02\/200213-FITS-web-blog-1200x800-MF2-600x400.jpg 600w\" sizes=\"(max-width: 640px) 100vw, 640px\" \/><\/a><p id=\"caption-attachment-9698\" class=\"wp-caption-text\">Das waren unsere Breakout-Sessions aus dem Jahr 2019<\/p><\/div>\n<h3><strong>Wor\u00fcber wir sprechen<\/strong><\/h3>\n<p>Bereits zum 20. Mal findet in diesem Jahr das FI-TS Management-Forum statt. Und gerade die einzigartige Mischung hochinteressanter Teilnehmer auf der B\u00fchne, aber auch unter den G\u00e4sten bietet eine exzellente M\u00f6glichkeit zum Networking und f\u00fcr vertiefende Gespr\u00e4che. Hier treffen Menschen aufeinander, die sich intensiv mit der digitalen Transformation auseinandersetzen und den Weg f\u00fcr Ver\u00e4nderungen bereiten. Reden wir dar\u00fcber!<\/p>\n<p>&nbsp;<\/p>\n<p>Auf unserer Veranstaltungswebsite finden Sie die vollst\u00e4ndige <a href=\"https:\/\/www.f-i-ts.de\/management-forum\/programm\/\">Programm\u00fcbersicht<\/a> und Informationen \u00fcber alle <a href=\"https:\/\/www.f-i-ts.de\/management-forum\/sprecher\/\">Speaker<\/a>. Freuen Sie sich auf interessante Einblicke und neue Impulse beim FI-TS Management-Forum 2020<br \/>\nam 26. M\u00e4rz 2020 in der BMW Welt M\u00fcnchen.<\/p>\n<p>&nbsp;<\/p>\n<p>&nbsp;<\/p>\n<p>&nbsp;<\/p>\n","protected":false},"excerpt":{"rendered":"<p>Am 26. M\u00e4rz 2020 ist es wieder soweit. Das FI-TS Management-Forum 2020 l\u00e4dt F\u00fchrungskr\u00e4fte und IT-Experten aus der Banken- und Versicherungsbranche zu einem intensiven Dialog in die BMW Welt M\u00fcnchen ein. Zentrales Thema ist die digitale Transformation und wie wir [&hellip;]<\/p>\n","protected":false},"author":34,"featured_media":9696,"comment_status":"open","ping_status":"closed","sticky":false,"template":"","format":"standard","meta":[],"categories":[1805,22,2536,12,2533,105],"tags":[2465,199,1480,1583,2468,2467,2464,2466,79,1871,365,1471,2462,3,1636,2463,1232,2461],"yoast_head":"<!-- This site is optimized with the Yoast SEO plugin v16.6.1 - https:\/\/yoast.com\/wordpress\/plugins\/seo\/ -->\n<title>Bald ist es soweit - Das Management Forum 2020: Ein Kompakt\u00fcberblick - FI-TS Blog<\/title>\n<meta name=\"robots\" content=\"index, follow, max-snippet:-1, max-image-preview:large, max-video-preview:-1\" \/>\n<link rel=\"canonical\" href=\"https:\/\/fitsde-admin-line2.f-i-ts.info\/blog\/events\/management-forum-2020-ein-kompaktueberblick\/\" \/>\n<meta property=\"og:locale\" content=\"de_DE\" \/>\n<meta property=\"og:type\" content=\"article\" \/>\n<meta property=\"og:title\" content=\"Bald ist es soweit - Das Management Forum 2020: Ein Kompakt\u00fcberblick - FI-TS Blog\" \/>\n<meta property=\"og:description\" content=\"Am 26. M\u00e4rz 2020 ist es wieder soweit. Das FI-TS Management-Forum 2020 l\u00e4dt F\u00fchrungskr\u00e4fte und IT-Experten aus der Banken- und Versicherungsbranche zu einem intensiven Dialog in die BMW Welt M\u00fcnchen ein. Zentrales Thema ist die digitale Transformation und wie wir [&hellip;]\" \/>\n<meta property=\"og:url\" content=\"https:\/\/fitsde-admin-line2.f-i-ts.info\/blog\/events\/management-forum-2020-ein-kompaktueberblick\/\" \/>\n<meta property=\"og:site_name\" content=\"FI-TS Blog\" \/>\n<meta property=\"article:published_time\" content=\"2020-02-17T07:10:18+00:00\" \/>\n<meta property=\"article:modified_time\" content=\"2022-01-10T11:33:02+00:00\" \/>\n<meta property=\"og:image\" content=\"https:\/\/fitsde-admin-line2.f-i-ts.info\/blog\/wp-content\/uploads\/2020\/02\/200211-FITS-web-blog-Keyvisual_1200x800-MF2.jpg\" \/>\n\t<meta property=\"og:image:width\" content=\"2400\" \/>\n\t<meta property=\"og:image:height\" content=\"1600\" \/>\n<meta name=\"twitter:card\" content=\"summary\" \/>\n<meta name=\"twitter:label1\" content=\"Gesch\u00e4tzte Lesezeit\" \/>\n\t<meta name=\"twitter:data1\" content=\"2 Minuten\" \/>\n<script type=\"application\/ld+json\" class=\"yoast-schema-graph\">{\"@context\":\"https:\/\/schema.org\",\"@graph\":[{\"@type\":\"WebSite\",\"@id\":\"https:\/\/fitsde-admin-line2.f-i-ts.info\/blog\/#website\",\"url\":\"https:\/\/fitsde-admin-line2.f-i-ts.info\/blog\/\",\"name\":\"FI-TS Blog\",\"description\":\"Blog von FI-TS \\u00fcber Finance- und Technologie Themen\",\"potentialAction\":[{\"@type\":\"SearchAction\",\"target\":{\"@type\":\"EntryPoint\",\"urlTemplate\":\"https:\/\/fitsde-admin-line2.f-i-ts.info\/blog\/?s={search_term_string}\"},\"query-input\":\"required name=search_term_string\"}],\"inLanguage\":\"de-DE\"},{\"@type\":\"ImageObject\",\"@id\":\"https:\/\/fitsde-admin-line2.f-i-ts.info\/blog\/events\/management-forum-2020-ein-kompaktueberblick\/#primaryimage\",\"inLanguage\":\"de-DE\",\"url\":\"https:\/\/fitsde-admin-line2.f-i-ts.info\/blog\/wp-content\/uploads\/2020\/02\/200211-FITS-web-blog-Keyvisual_1200x800-MF2.jpg\",\"contentUrl\":\"https:\/\/fitsde-admin-line2.f-i-ts.info\/blog\/wp-content\/uploads\/2020\/02\/200211-FITS-web-blog-Keyvisual_1200x800-MF2.jpg\",\"width\":2400,\"height\":1600},{\"@type\":\"WebPage\",\"@id\":\"https:\/\/fitsde-admin-line2.f-i-ts.info\/blog\/events\/management-forum-2020-ein-kompaktueberblick\/#webpage\",\"url\":\"https:\/\/fitsde-admin-line2.f-i-ts.info\/blog\/events\/management-forum-2020-ein-kompaktueberblick\/\",\"name\":\"Bald ist es soweit - Das Management Forum 2020: Ein Kompakt\\u00fcberblick - FI-TS Blog\",\"isPartOf\":{\"@id\":\"https:\/\/fitsde-admin-line2.f-i-ts.info\/blog\/#website\"},\"primaryImageOfPage\":{\"@id\":\"https:\/\/fitsde-admin-line2.f-i-ts.info\/blog\/events\/management-forum-2020-ein-kompaktueberblick\/#primaryimage\"},\"datePublished\":\"2020-02-17T07:10:18+00:00\",\"dateModified\":\"2022-01-10T11:33:02+00:00\",\"author\":{\"@id\":\"https:\/\/fitsde-admin-line2.f-i-ts.info\/blog\/#\/schema\/person\/dddc83e77a4eeebae6b4b6cea9b10d05\"},\"breadcrumb\":{\"@id\":\"https:\/\/fitsde-admin-line2.f-i-ts.info\/blog\/events\/management-forum-2020-ein-kompaktueberblick\/#breadcrumb\"},\"inLanguage\":\"de-DE\",\"potentialAction\":[{\"@type\":\"ReadAction\",\"target\":[\"https:\/\/fitsde-admin-line2.f-i-ts.info\/blog\/events\/management-forum-2020-ein-kompaktueberblick\/\"]}]},{\"@type\":\"BreadcrumbList\",\"@id\":\"https:\/\/fitsde-admin-line2.f-i-ts.info\/blog\/events\/management-forum-2020-ein-kompaktueberblick\/#breadcrumb\",\"itemListElement\":[{\"@type\":\"ListItem\",\"position\":1,\"name\":\"Startseite\",\"item\":\"https:\/\/fitsde-admin-line2.f-i-ts.info\/blog\/\"},{\"@type\":\"ListItem\",\"position\":2,\"name\":\"Bald ist es soweit &#8211; Das Management Forum 2020: Ein Kompakt\\u00fcberblick\"}]},{\"@type\":\"Person\",\"@id\":\"https:\/\/fitsde-admin-line2.f-i-ts.info\/blog\/#\/schema\/person\/dddc83e77a4eeebae6b4b6cea9b10d05\",\"name\":\"Cornelia Nikele\",\"image\":{\"@type\":\"ImageObject\",\"@id\":\"https:\/\/fitsde-admin-line2.f-i-ts.info\/blog\/#personlogo\",\"inLanguage\":\"de-DE\",\"url\":\"https:\/\/fitsde-admin-line2.f-i-ts.info\/blog\/wp-content\/uploads\/2019\/03\/blog-nikele-150x150.jpg\",\"contentUrl\":\"https:\/\/fitsde-admin-line2.f-i-ts.info\/blog\/wp-content\/uploads\/2019\/03\/blog-nikele-150x150.jpg\",\"caption\":\"Cornelia Nikele\"},\"description\":\"Seit meinem Wirtschaftspsychologie-Studium fasziniert mich das Zusammenspiel aus Mensch und Unternehmen. In der heutigen Zeit, in der es nur noch wenig objektive Unterschiede zwischen Angeboten oder Wettbewerbsvorteilen gibt, sind es in gro\\u00dfem Ma\\u00df die Mitarbeiter, die zum Erfolg eines Unternehmens beitragen. Nach meiner 10-j\\u00e4hrigen Erfahrung im strategischen sowie operativen Marketing in einem amerikanischen IT-Konzern, bin ich seit Februar 2019 im FI-TS Marketing Team. Hier k\\u00fcmmere ich mich um diverse Themen rund um die externe Kommunikation und betreue unter anderem unsere Online-Auftritte. Meine Freizeit verbringe ich gern mit der Planung m\\u00f6glicher n\\u00e4chster Reiseziele. Diese m\\u00fcssen nicht immer weit weg sein, denn ich habe f\\u00fcr mich auch die sch\\u00f6nen Fleckchen in Deutschland entdeckt. Am liebsten verbringe ich jedoch Zeit mit Freunden und der Familie.\",\"sameAs\":[\"https:\/\/www.f-i-ts.de\/\"],\"url\":\"https:\/\/fitsde-admin-line2.f-i-ts.info\/blog\/author\/cornelianikele\/\"}]}<\/script>\n<!-- \/ Yoast SEO plugin. -->","_links":{"self":[{"href":"https:\/\/fitsde-admin-line2.f-i-ts.info\/blog\/wp-json\/wp\/v2\/posts\/9673"}],"collection":[{"href":"https:\/\/fitsde-admin-line2.f-i-ts.info\/blog\/wp-json\/wp\/v2\/posts"}],"about":[{"href":"https:\/\/fitsde-admin-line2.f-i-ts.info\/blog\/wp-json\/wp\/v2\/types\/post"}],"author":[{"embeddable":true,"href":"https:\/\/fitsde-admin-line2.f-i-ts.info\/blog\/wp-json\/wp\/v2\/users\/34"}],"replies":[{"embeddable":true,"href":"https:\/\/fitsde-admin-line2.f-i-ts.info\/blog\/wp-json\/wp\/v2\/comments?post=9673"}],"version-history":[{"count":39,"href":"https:\/\/fitsde-admin-line2.f-i-ts.info\/blog\/wp-json\/wp\/v2\/posts\/9673\/revisions"}],"predecessor-version":[{"id":9719,"href":"https:\/\/fitsde-admin-line2.f-i-ts.info\/blog\/wp-json\/wp\/v2\/posts\/9673\/revisions\/9719"}],"wp:featuredmedia":[{"embeddable":true,"href":"https:\/\/fitsde-admin-line2.f-i-ts.info\/blog\/wp-json\/wp\/v2\/media\/9696"}],"wp:attachment":[{"href":"https:\/\/fitsde-admin-line2.f-i-ts.info\/blog\/wp-json\/wp\/v2\/media?parent=9673"}],"wp:term":[{"taxonomy":"category","embeddable":true,"href":"https:\/\/fitsde-admin-line2.f-i-ts.info\/blog\/wp-json\/wp\/v2\/categories?post=9673"},{"taxonomy":"post_tag","embeddable":true,"href":"https:\/\/fitsde-admin-line2.f-i-ts.info\/blog\/wp-json\/wp\/v2\/tags?post=9673"}],"curies":[{"name":"wp","href":"https:\/\/api.w.org\/{rel}","templated":true}]}}